{"id":1369,"date":"2020-05-15T18:41:00","date_gmt":"2020-05-15T18:41:00","guid":{"rendered":"http:\/\/ieselmedano.org\/?p=1369"},"modified":"2020-05-18T20:13:26","modified_gmt":"2020-05-18T20:13:26","slug":"calendario-de-admision-y-matricula","status":"publish","type":"post","link":"https:\/\/ieselmedano.org\/index.php\/2020\/05\/15\/calendario-de-admision-y-matricula\/","title":{"rendered":"Calendario de Admisi\u00f3n y Matr\u00edcula"},"content":{"rendered":"\n<figure class=\"wp-block-gallery columns-1 is-cropped wp-block-gallery-1 is-layout-flex wp-block-gallery-is-layout-flex\"><ul class=\"blocks-gallery-grid\"><li class=\"blocks-gallery-item\"><figure><a  href=\"http:\/\/ieselmedano.org\/wp-content\/uploads\/2020\/05\/WhatsApp-Image-2020-05-16-at-19.57.44.jpeg\" data-rel=\"lightbox-gallery-0\" data-rl_title=\"\" data-rl_caption=\"\" title=\"\"><img loading=\"lazy\" decoding=\"async\" width=\"724\" height=\"1024\" src=\"http:\/\/ieselmedano.org\/wp-content\/uploads\/2020\/05\/WhatsApp-Image-2020-05-16-at-19.57.44-724x1024.jpeg\" alt=\"\" data-id=\"1370\" data-full-url=\"http:\/\/ieselmedano.org\/wp-content\/uploads\/2020\/05\/WhatsApp-Image-2020-05-16-at-19.57.44.jpeg\" data-link=\"http:\/\/ieselmedano.org\/?attachment_id=1370\" class=\"wp-image-1370\" srcset=\"https:\/\/ieselmedano.org\/wp-content\/uploads\/2020\/05\/WhatsApp-Image-2020-05-16-at-19.57.44-724x1024.jpeg 724w, https:\/\/ieselmedano.org\/wp-content\/uploads\/2020\/05\/WhatsApp-Image-2020-05-16-at-19.57.44-212x300.jpeg 212w, https:\/\/ieselmedano.org\/wp-content\/uploads\/2020\/05\/WhatsApp-Image-2020-05-16-at-19.57.44-768x1086.jpeg 768w, https:\/\/ieselmedano.org\/wp-content\/uploads\/2020\/05\/WhatsApp-Image-2020-05-16-at-19.57.44-1086x1536.jpeg 1086w, https:\/\/ieselmedano.org\/wp-content\/uploads\/2020\/05\/WhatsApp-Image-2020-05-16-at-19.57.44.jpeg 1131w\" sizes=\"(max-width: 724px) 100vw, 724px\" \/><\/a><\/figure><\/li><\/ul><\/figure>\n\n\n<p style=\"text-align: center;\"><span style=\"color: #000000;\"><strong>ENLACES PARA LA ADMISI\u00d3N<\/strong><\/span><\/p>\n<p style=\"text-align: left;\"><strong><a href=\"https:\/\/www.gobiernodecanarias.org\/educacion\/7\/general\/formssede\/LoginGeneral?q=cCs%2BiTyKqE1o5GeLqhjYn0LfS%2FrqNZBpRTKCcrG6t5vGDtODi7gepX6ktj%2Fs0YIp\" target=\"_blank\" rel=\"noopener noreferrer\"><span style=\"background-color: #ccffff;\"><span style=\"color: #000000;\"><span style=\"color: #ff0000;\">ENLACE ADMISI\u00d3N SECUNDARIA<\/span><\/span><\/span><\/a><\/strong><\/p>\n<p><a href=\"https:\/\/www.gobiernodecanarias.org\/educacion\/7\/general\/formssedega\/AdmBachFP?q=pBeWXc2HAyAOlAJXwBFqx3fqJS%20tEeWLVDxy%20dPAfN2EtvHlItBd4vhdEvK8fTGH\" target=\"_blank\" rel=\"noopener noreferrer\"><span style=\"background-color: #ccffff; color: #ff0000;\"><strong>ENLACE ADMISI\u00d3N BACHILLERATO Y CICLOS FORMATIVOS\u00a0<\/strong><\/span><\/a><\/p>\n<p><a href=\"https:\/\/www.gobiernodecanarias.org\/educacion\/7\/general\/formssede\/LoginGeneral?q=9%2BgmcXlDLKLEQEXMCFApp30PlzRHurwT6wwm%2BZtjezTTHRFMYvHqF5zDIapH76OG\" target=\"_blank\" rel=\"noopener noreferrer\"><span style=\"background-color: #ccffff; color: #ff0000;\"><strong>ENLACE ADMISI\u00d3N ENSE\u00d1ANZAS DEPORTIVAS<\/strong><\/span><\/a><\/p>\n\n<p><strong><span style=\"color: #000000;\">CALENDARIO DE ADMISI\u00d3N Y MATR\u00cdCULA ESO Y BACHILLERATO<\/span><\/strong><\/p>\n<p><span style=\"color: #000000;\"><span style=\"background-color: #ccffff;\">Del 18 de mayo al 12 de junio, ambos inclusive<\/span>, Periodo de SOLICITUD DE PLAZAS.<\/span><\/p>\n<p><span style=\"color: #000000;\"><span style=\"background-color: #ccffff;\">26 de junio<\/span>, Publicaci\u00f3n de las LISTAS PROVISIONALES de admitidos y no admitidos.<\/span><\/p>\n<p><span style=\"color: #000000;\"><span style=\"background-color: #ccffff;\">Del 26 al 30 de junio<\/span>, periodo de RECLAMACIONES a las listas provisionales y RENUNCIAS a solicitudes.<\/span><\/p>\n<p><span style=\"color: #000000;\"><span style=\"background-color: #ccffff;\">10 de julio<\/span>, publicaci\u00f3n de las LISTAS DEFINITIVAS de admitidos y no admitidos.<\/span><\/p>\n<p><span style=\"color: #000000;\"><span style=\"background-color: #ccffff;\">Del 10 al 20 de julio<\/span>, PLAZO ORDINARIO DE MATR\u00cdCULA para alumnado participante en el procedimiento de admisi\u00f3n. Para el alumnado de continuidad: Del 26 de junio al 20 de julio.<\/span><\/p>\n<p><strong><span style=\"color: #000000;\">CALENDARIO DE ADMISI\u00d3N Y MATR\u00cdCULA PARA CICLOS DE GRADO MEDIO Y GRADO SUPERIOR PRESENCIALES<\/span><\/strong><\/p>\n<p><span style=\"color: #000000;\"><span style=\"background-color: #ccffff;\">Del 18 de mayo al 12 de junio, ambos inclusive<\/span>, Periodo de SOLICITUD DE PLAZAS.<\/span><\/p>\n<p><span style=\"color: #000000;\"><span style=\"background-color: #ccffff;\">26 de junio<\/span>,<\/span><\/p>\n<p><span style=\"color: #000000;\">Listas de admitidos y reserva para los ciclos formativos de grado medio: Las v\u00edas de acceso por el<\/span><span style=\"color: #000000;\"> T\u00edtulo de Graduado en Secundaria y Formaci\u00f3n Profesional B\u00e1sica.<\/span><\/p>\n<p><span style=\"color: #000000;\">Listas de admitidos y reserva para los ciclos formativos de grado superior: Las v\u00edas de acceso por el <\/span><span style=\"color: #000000;\">T\u00edtulo de Bachillerato y t\u00edtulo T\u00e9cnico de Formaci\u00f3n Profesional.<\/span><\/p>\n<p><span style=\"color: #000000;\"><span style=\"background-color: #ccffff;\">Del 26 al 30 de junio<\/span>, periodo de RECLAMACIONES a las listas provisionales y RENUNCIAS a solicitudes.<\/span><\/p>\n<p><span style=\"color: #000000;\"><span style=\"background-color: #ccffff;\">10 de julio<\/span>,<\/span><\/p>\n<p><span style=\"color: #000000;\">Listas de admitidos y reserva para los ciclos formativos de grado medio: Las v\u00edas de acceso por el<\/span><span style=\"color: #000000;\"> T\u00edtulo de Graduado en Secundaria y Formaci\u00f3n Profesional B\u00e1sica.<\/span><\/p>\n<p><span style=\"color: #000000;\">Listas de admitidos y reserva para los ciclos formativos de grado superior: Las v\u00edas de acceso por el<\/span><span style=\"color: #000000;\"> T\u00edtulo de Bachillerato y t\u00edtulo T\u00e9cnico de Formaci\u00f3n Profesional.<\/span><\/p>\n<p><span style=\"color: #000000;\">Nota: Las listas de admitidos y no admitidos por la v\u00eda de pruebas de acceso y otras titulaciones para el grado medio como para el superior se publicar\u00e1 en el periodo extraordinario y la matr\u00edcula se realizar\u00e1 en el periodo extraordinario.<\/span><\/p>\n<p><span style=\"color: #000000;\"><span style=\"background-color: #ccffff;\">Del 10 al 20 de julio<\/span>, PLAZO ORDINARIO DE MATR\u00cdCULA para alumnado de NUEVO ingreso participante en el procedimiento de admisi\u00f3n.<\/span><\/p>\n<p><strong><span style=\"color: #000000;\">CALENDARIO DE ADMISI\u00d3N Y MATR\u00cdCULA PARA ENSE\u00d1ANZAS DEPORTIVAS<\/span><\/strong><\/p>\n<p><span style=\"color: #000000;\"><span style=\"background-color: #ccffff;\">Del 18 de mayo al 12 de junio<\/span>, periodo de solicitud de plaza e inscripci\u00f3n y solicitud de exenci\u00f3n a la realizaci\u00f3n de las pruebas espec\u00edficas de acceso a las Ense\u00f1anzas Deportivas.<\/span><\/p>\n<p><span style=\"color: #000000;\"><span style=\"background-color: #ccffff;\">26 de junio<\/span>, publicaci\u00f3n de las listas provisionales de solicitudes de plaza y de inscripciones y exenciones a <\/span><span style=\"color: #000000;\">las pruebas espec\u00edficas de acceso a Ense\u00f1anzas Deportivas.<\/span><\/p>\n<p><span style=\"color: #000000;\"><span style=\"background-color: #ccffff;\">Del 26 al 30 de junio<\/span>, plazo de reclamaci\u00f3n a las listas provisionales de solicitantes de plaza, inscritos y exenciones en<\/span><span style=\"color: #000000;\"> las pruebas espec\u00edficas de acceso y a la renuncia de solicitudes.<\/span><\/p>\n<p><span style=\"color: #000000;\"><span style=\"background-color: #ccffff;\">30 de junio<\/span>, publicaci\u00f3n de las listas definitivas de solicitantes de plaza, inscritos y exentos para la<\/span><span style=\"color: #000000;\"> realizaci\u00f3n de la prueba espec\u00edfica.<\/span><\/p>\n<p><span style=\"color: #000000;\"><span style=\"background-color: #ccffff;\">Del 6 al 8 de julio<\/span>, realizaci\u00f3n de las pruebas espec\u00edficas de acceso a las Ense\u00f1anzas Deportivas.<\/span><\/p>\n<p><span style=\"color: #000000;\"><span style=\"background-color: #ccffff;\">9 de julio<\/span>, publicaci\u00f3n de los resultados provisionales de las pruebas espec\u00edficas de acceso y listas <\/span><span style=\"color: #000000;\">provisionales de admitidos y de reserva.<\/span><\/p>\n<p><span style=\"color: #000000;\"><span style=\"background-color: #ccffff;\">Del 10 al 14 de julio<\/span>, plazo de reclamaci\u00f3n a los resultados provisionales de las pruebas espec\u00edficas de acceso, en el<\/span><span style=\"color: #000000;\"> centro correspondiente, y a las listas provisionales de admitidos y de reserva.<\/span><\/p>\n<p><span style=\"color: #000000;\"><span style=\"background-color: #ccffff;\">14 de julio<\/span>, resoluci\u00f3n de las reclamaciones a los resultados de las pruebas espec\u00edficas de acceso.<\/span><\/p>\n<p><span style=\"color: #000000;\"><span style=\"background-color: #ccffff;\">14 de julio<\/span>,<\/span><\/p>\n<p><span style=\"color: #000000;\">Publicaci\u00f3n de los resultados definitivos de las pruebas espec\u00edficas de acceso y publicaci\u00f3n de las<\/span><span style=\"color: #000000;\"> listas definitivas de adjudicaci\u00f3n de plazas.<\/span><\/p>\n<p><span style=\"color: #000000;\">La lista definitiva de las personas que careciendo de la titulaci\u00f3n acad\u00e9mica requerida, superen la <\/span><span style=\"color: #000000;\">prueba de acceso a los ciclos formativos de grado medio y superior, se publicar\u00e1 en el periodo<\/span><span style=\"color: #000000;\"> extraordinario.<\/span><\/p>\n<p><span style=\"color: #000000;\"><span style=\"background-color: #ccffff;\">Del 14 al 22 de julio<\/span>, plazo de matr\u00edcula de alumnado de continuidad (repetidores y segundos cursos) y de nuevo <\/span><span style=\"color: #000000;\">ingreso.<\/span><\/p>","protected":false},"excerpt":{"rendered":"<p>ENLACES PARA LA ADMISI\u00d3N ENLACE ADMISI\u00d3N SECUNDARIA ENLACE ADMISI\u00d3N BACHILLERATO Y CICLOS FORMATIVOS\u00a0 ENLACE ADMISI\u00d3N ENSE\u00d1ANZAS DEPORTIVAS CALENDARIO DE ADMISI\u00d3N Y MATR\u00cdCULA ESO Y BACHILLERATO Del 18 de mayo al 12 de junio, ambos inclusive, Periodo de SOLICITUD DE PLAZAS. 26 de junio, Publicaci\u00f3n de las LISTAS PROVISIONALES de admitidos y no admitidos. Del 26<\/p>\n","protected":false},"author":3,"featured_media":1372,"comment_status":"closed","ping_status":"closed","sticky":false,"template":"","format":"standard","meta":{"_monsterinsights_skip_tracking":false,"_monsterinsights_sitenote_active":false,"_monsterinsights_sitenote_note":"","_monsterinsights_sitenote_category":0,"footnotes":""},"categories":[1],"tags":[],"_links":{"self":[{"href":"https:\/\/ieselmedano.org\/index.php\/wp-json\/wp\/v2\/posts\/1369"}],"collection":[{"href":"https:\/\/ieselmedano.org\/index.php\/wp-json\/wp\/v2\/posts"}],"about":[{"href":"https:\/\/ieselmedano.org\/index.php\/wp-json\/wp\/v2\/types\/post"}],"author":[{"embeddable":true,"href":"https:\/\/ieselmedano.org\/index.php\/wp-json\/wp\/v2\/users\/3"}],"replies":[{"embeddable":true,"href":"https:\/\/ieselmedano.org\/index.php\/wp-json\/wp\/v2\/comments?post=1369"}],"version-history":[{"count":4,"href":"https:\/\/ieselmedano.org\/index.php\/wp-json\/wp\/v2\/posts\/1369\/revisions"}],"predecessor-version":[{"id":1389,"href":"https:\/\/ieselmedano.org\/index.php\/wp-json\/wp\/v2\/posts\/1369\/revisions\/1389"}],"wp:featuredmedia":[{"embeddable":true,"href":"https:\/\/ieselmedano.org\/index.php\/wp-json\/wp\/v2\/media\/1372"}],"wp:attachment":[{"href":"https:\/\/ieselmedano.org\/index.php\/wp-json\/wp\/v2\/media?parent=1369"}],"wp:term":[{"taxonomy":"category","embeddable":true,"href":"https:\/\/ieselmedano.org\/index.php\/wp-json\/wp\/v2\/categories?post=1369"},{"taxonomy":"post_tag","embeddable":true,"href":"https:\/\/ieselmedano.org\/index.php\/wp-json\/wp\/v2\/tags?post=1369"}],"curies":[{"name":"wp","href":"https:\/\/api.w.org\/{rel}","templated":true}]}}