{"id":1561,"date":"2020-09-19T16:46:22","date_gmt":"2020-09-19T16:46:22","guid":{"rendered":"http:\/\/ieselmedano.org\/?p=1561"},"modified":"2020-09-27T13:31:56","modified_gmt":"2020-09-27T13:31:56","slug":"comenzamos","status":"publish","type":"post","link":"https:\/\/ieselmedano.org\/index.php\/2020\/09\/19\/comenzamos\/","title":{"rendered":"Comenzamos un nuevo curso&#8230;"},"content":{"rendered":"\n<div class=\"\" dir=\"auto\">\n<div id=\"jsc_c_4r\" class=\"ecm0bbzt hv4rvrfc ihqw7lf3 dati1w0a\" data-ad-comet-preview=\"message\" data-ad-preview=\"message\">\n<div class=\"j83agx80 cbu4d94t ew0dbk1b irj2b8pg\">\n<div class=\"qzhwtbm6 knvmm38d\">\n<div class=\"kvgmc6g5 cxmmr5t8 oygrvhab hcukyx3x c1et5uql ii04i59q\">\n<div dir=\"auto\"><span style=\"font-family: times new roman, times, serif; font-size: 20px; color: #000000;\">Desde el IES El M\u00e9dano queremos agradecer a toda la comunidad educativa su implicaci\u00f3n y esfuerzo para poder comenzar esta semana la educaci\u00f3n presencial en nuestro centro con las garant\u00edas de seguridad implantadas por las administraciones en esta alerta sanitaria.<\/span><\/div>\n<div dir=\"auto\">&nbsp;<\/div>\n<\/div>\n<div class=\"o9v6fnle cxmmr5t8 oygrvhab hcukyx3x c1et5uql ii04i59q\">\n<div dir=\"auto\"><span style=\"font-family: times new roman, times, serif; font-size: 20px; color: #000000;\">Al profesorado, por su actualizaci\u00f3n en materia digital constante y de calidad en esta andadura de formaci\u00f3n integral con recursos digitales para nuestro alumnado. Colaborando gran parte del profesorado en la formaci\u00f3n del claustro en diversidad de tem\u00e1ticas. Adem\u00e1s, por su implicaci\u00f3n en preparar el centro a las condiciones de salud \u00f3ptimas, con especial atenci\u00f3n a l@s compa\u00f1er@s del Departamento de Tecnolog\u00eda por su ayuda y colaboraci\u00f3n en la elaboraci\u00f3n de v\u00eddeos y planos del centro del protocolo COVID.<\/span><\/div>\n<div dir=\"auto\">&nbsp;<\/div>\n<\/div>\n<div class=\"o9v6fnle cxmmr5t8 oygrvhab hcukyx3x c1et5uql ii04i59q\">\n<div dir=\"auto\"><span style=\"font-family: times new roman, times, serif; font-size: 20px; color: #000000;\">Al personal de limpieza, por su \u201cimpecable\u201d labor para tener el instituto en un continuo estado de limpieza y desinfecci\u00f3n frente al COVID. Su esfuerzo es nuestra seguridad frente al virus.<\/span><\/div>\n<div dir=\"auto\">&nbsp;<\/div>\n<\/div>\n<div class=\"o9v6fnle cxmmr5t8 oygrvhab hcukyx3x c1et5uql ii04i59q\">\n<div dir=\"auto\"><span style=\"font-family: times new roman, times, serif; font-size: 20px; color: #000000;\">Al personal de administraci\u00f3n y servicios, por su adaptaci\u00f3n laboral a las condiciones de trabajo actuales para sacar adelante muchas acciones desde julio: matriculaci\u00f3n, resoluci\u00f3n de dudas, mover mobiliario, adaptaci\u00f3n de aulas, toma de temperaturas y as\u00ed un largo etc\u00e9tera. Gracias Mary, Mery, Cande, \u00c1ngel y Paula.<\/span><\/div>\n<div dir=\"auto\">&nbsp;<\/div>\n<\/div>\n<div class=\"o9v6fnle cxmmr5t8 oygrvhab hcukyx3x c1et5uql ii04i59q\">\n<div dir=\"auto\"><span style=\"font-family: times new roman, times, serif; font-size: 20px; color: #000000;\">A l@s compa\u00f1er@s de cafeter\u00eda, Sara y Fabi\u00e1n, por su compresi\u00f3n y disponibilidad a adaptaci\u00f3n de las condiciones actuales. Gracias por su implicaci\u00f3n y ayuda siempre con una propuesta y una sonrisa tras la mascarilla.<\/span><\/div>\n<div dir=\"auto\">&nbsp;<\/div>\n<\/div>\n<div class=\"o9v6fnle cxmmr5t8 oygrvhab hcukyx3x c1et5uql ii04i59q\">\n<div dir=\"auto\"><span style=\"font-family: times new roman, times, serif; font-size: 20px; color: #000000;\">Y por \u00faltimo, a nuestras familias. Gracias por su paciencia ante la imposibilidad de contentar a todos y todas y por confiar en nosotros en poder adaptar el centro en las mejores condiciones de salud que podemos.<\/span><\/div>\n<\/div>\n<div class=\"o9v6fnle cxmmr5t8 oygrvhab hcukyx3x c1et5uql ii04i59q\">\n<div dir=\"auto\"><span style=\"font-family: times new roman, times, serif; font-size: 20px; color: #000000;\">Empezamos un curso complicado a partir de ma\u00f1ana pero del que sabemos vamos a conseguir nuestro objetivo: seguir manteniendo un servicio p\u00fablico esencial en nuestra sociedad y de calidad, la educaci\u00f3n.<\/span><\/div>\n<\/div>\n<div class=\"o9v6fnle cxmmr5t8 oygrvhab hcukyx3x c1et5uql ii04i59q\">\n<div dir=\"auto\">&nbsp;<\/div>\n<div dir=\"auto\"><span style=\"font-family: times new roman, times, serif; font-size: 20px; color: #000000;\">Empezamos.<\/span><\/div>\n<div dir=\"auto\">&nbsp;<\/div>\n<\/div>\n<div class=\"o9v6fnle cxmmr5t8 oygrvhab hcukyx3x c1et5uql ii04i59q\">\n<div dir=\"auto\"><span style=\"font-family: times new roman, times, serif; font-size: 20px; color: #000000;\">Atentamente,<\/span><\/div>\n<div dir=\"auto\">&nbsp;<\/div>\n<\/div>\n<div class=\"o9v6fnle cxmmr5t8 oygrvhab hcukyx3x c1et5uql ii04i59q\">\n<div dir=\"auto\"><span style=\"font-family: times new roman, times, serif; font-size: 20px; color: #000000;\">IES El M\u00e9dano.<\/span><\/div>\n<\/div>\n<\/div>\n<\/div>\n<\/div>\n<\/div>\n","protected":false},"excerpt":{"rendered":"<p>Desde el IES El M\u00e9dano queremos agradecer a toda la comunidad educativa su implicaci\u00f3n y esfuerzo para poder comenzar esta semana la educaci\u00f3n presencial en nuestro centro con las garant\u00edas de seguridad implantadas por las administraciones en esta alerta sanitaria. &nbsp; Al profesorado, por su actualizaci\u00f3n en materia digital constante y de calidad en esta<\/p>\n","protected":false},"author":3,"featured_media":1562,"comment_status":"closed","ping_status":"closed","sticky":false,"template":"","format":"standard","meta":{"_monsterinsights_skip_tracking":false,"_monsterinsights_sitenote_active":false,"_monsterinsights_sitenote_note":"","_monsterinsights_sitenote_category":0,"footnotes":""},"categories":[1],"tags":[],"_links":{"self":[{"href":"https:\/\/ieselmedano.org\/index.php\/wp-json\/wp\/v2\/posts\/1561"}],"collection":[{"href":"https:\/\/ieselmedano.org\/index.php\/wp-json\/wp\/v2\/posts"}],"about":[{"href":"https:\/\/ieselmedano.org\/index.php\/wp-json\/wp\/v2\/types\/post"}],"author":[{"embeddable":true,"href":"https:\/\/ieselmedano.org\/index.php\/wp-json\/wp\/v2\/users\/3"}],"replies":[{"embeddable":true,"href":"https:\/\/ieselmedano.org\/index.php\/wp-json\/wp\/v2\/comments?post=1561"}],"version-history":[{"count":3,"href":"https:\/\/ieselmedano.org\/index.php\/wp-json\/wp\/v2\/posts\/1561\/revisions"}],"predecessor-version":[{"id":1568,"href":"https:\/\/ieselmedano.org\/index.php\/wp-json\/wp\/v2\/posts\/1561\/revisions\/1568"}],"wp:featuredmedia":[{"embeddable":true,"href":"https:\/\/ieselmedano.org\/index.php\/wp-json\/wp\/v2\/media\/1562"}],"wp:attachment":[{"href":"https:\/\/ieselmedano.org\/index.php\/wp-json\/wp\/v2\/media?parent=1561"}],"wp:term":[{"taxonomy":"category","embeddable":true,"href":"https:\/\/ieselmedano.org\/index.php\/wp-json\/wp\/v2\/categories?post=1561"},{"taxonomy":"post_tag","embeddable":true,"href":"https:\/\/ieselmedano.org\/index.php\/wp-json\/wp\/v2\/tags?post=1561"}],"curies":[{"name":"wp","href":"https:\/\/api.w.org\/{rel}","templated":true}]}}