{"id":1616,"date":"2020-10-30T18:23:00","date_gmt":"2020-10-30T18:23:00","guid":{"rendered":"http:\/\/ieselmedano.org\/?p=1616"},"modified":"2020-11-06T18:26:41","modified_gmt":"2020-11-06T18:26:41","slug":"campana-recogida-de-alimentos-ropa-y-juguetes","status":"publish","type":"post","link":"https:\/\/ieselmedano.org\/index.php\/2020\/10\/30\/campana-recogida-de-alimentos-ropa-y-juguetes\/","title":{"rendered":"Campa\u00f1a recogida de alimentos, ropa y juguetes."},"content":{"rendered":"\n<p><span style=\"color: #000000;\"><span class=\"_5mfr\"><span class=\"_6qdm\">\u2705<\/span><\/span>Durante las \u00faltimas semanas hemos tenido charlas de la asociaci\u00f3n @incluyeme.te con el fin de contribuir a la campa\u00f1a de recogida de alimentos, ropa y juguetes para esta asociaci\u00f3n.<\/span><\/p>\n<p><span style=\"color: #000000;\"><span class=\"_5mfr\"><span class=\"_6qdm\">?<\/span><\/span>Hemos colocado recipientes para que el alumnado pueda ir trayendo los productos a partir del lunes 2 de noviembre hasta el 20 de diciembre.<\/span><\/p>\n<p><span style=\"color: #000000;\">Los recipientes estar\u00e1n en el vest\u00edbulo, al lado de la entrada de 1\u00b0ESO y de 4\u00b0ESO.<\/span><\/p>\n<div class=\"text_exposed_show\">\n<p><span style=\"color: #000000;\"><span class=\"_5mfr\"><span class=\"_6qdm\">?<\/span><\/span>Incl\u00fayeme realiza una labor muy importante ayudando a familias de nuestro entorno.<\/span><\/p>\n<p><span style=\"color: #000000;\">\u00a1Esperamos que esta campa\u00f1a sea un \u00e9xito!<\/span><\/p>\n<p><span style=\"color: #000000;\"><span class=\"_5mfr\"><span class=\"_6qdm\">?<\/span><\/span>Colabora y difunde<span class=\"_5mfr\"><span class=\"_6qdm\">?<\/span><\/span><\/span><\/p>\n<\/div>\n","protected":false},"excerpt":{"rendered":"<p>\u2705Durante las \u00faltimas semanas hemos tenido charlas de la asociaci\u00f3n @incluyeme.te con el fin de contribuir a la campa\u00f1a de recogida de alimentos, ropa y juguetes para esta asociaci\u00f3n. ?Hemos colocado recipientes para que el alumnado pueda ir trayendo los productos a partir del lunes 2 de noviembre hasta el 20 de diciembre. Los recipientes<\/p>\n","protected":false},"author":3,"featured_media":1617,"comment_status":"closed","ping_status":"closed","sticky":false,"template":"","format":"standard","meta":{"_monsterinsights_skip_tracking":false,"_monsterinsights_sitenote_active":false,"_monsterinsights_sitenote_note":"","_monsterinsights_sitenote_category":0,"footnotes":""},"categories":[1],"tags":[],"_links":{"self":[{"href":"https:\/\/ieselmedano.org\/index.php\/wp-json\/wp\/v2\/posts\/1616"}],"collection":[{"href":"https:\/\/ieselmedano.org\/index.php\/wp-json\/wp\/v2\/posts"}],"about":[{"href":"https:\/\/ieselmedano.org\/index.php\/wp-json\/wp\/v2\/types\/post"}],"author":[{"embeddable":true,"href":"https:\/\/ieselmedano.org\/index.php\/wp-json\/wp\/v2\/users\/3"}],"replies":[{"embeddable":true,"href":"https:\/\/ieselmedano.org\/index.php\/wp-json\/wp\/v2\/comments?post=1616"}],"version-history":[{"count":1,"href":"https:\/\/ieselmedano.org\/index.php\/wp-json\/wp\/v2\/posts\/1616\/revisions"}],"predecessor-version":[{"id":1618,"href":"https:\/\/ieselmedano.org\/index.php\/wp-json\/wp\/v2\/posts\/1616\/revisions\/1618"}],"wp:featuredmedia":[{"embeddable":true,"href":"https:\/\/ieselmedano.org\/index.php\/wp-json\/wp\/v2\/media\/1617"}],"wp:attachment":[{"href":"https:\/\/ieselmedano.org\/index.php\/wp-json\/wp\/v2\/media?parent=1616"}],"wp:term":[{"taxonomy":"category","embeddable":true,"href":"https:\/\/ieselmedano.org\/index.php\/wp-json\/wp\/v2\/categories?post=1616"},{"taxonomy":"post_tag","embeddable":true,"href":"https:\/\/ieselmedano.org\/index.php\/wp-json\/wp\/v2\/tags?post=1616"}],"curies":[{"name":"wp","href":"https:\/\/api.w.org\/{rel}","templated":true}]}}