{"id":1619,"date":"2020-11-01T18:27:00","date_gmt":"2020-11-01T18:27:00","guid":{"rendered":"http:\/\/ieselmedano.org\/?p=1619"},"modified":"2020-11-06T18:43:52","modified_gmt":"2020-11-06T18:43:52","slug":"conferencia-desde-el-acelerador-de-ginebra","status":"publish","type":"post","link":"https:\/\/ieselmedano.org\/index.php\/2020\/11\/01\/conferencia-desde-el-acelerador-de-ginebra\/","title":{"rendered":"Conferencia desde el acelerador de Ginebra"},"content":{"rendered":"\n<p><a href=\"https:\/\/www.facebook.com\/institutoelmedano\/videos\/362936548485592\/?__xts__%5B0%5D=68.ARBZgvrzhMSKT80YVxe9Rah7qrctG5sSnuY9sxPv-qdP4mEAjcP-waE4UKPPTRgAzp4eNAkjpfR1NAbs-Zaw3MEH0U-qs4gsgaC5WUj_6DePFM8eU7BvlAnaFkPHGDdFWVHMfadC5akKecc6_x3TdwirZ8486UM18kBJjjdCbUgV3Zm7F1e-a2BdoZ2JnVzObNL2SRtpo_2LuWoiaLz_uSHAAvI3hLXr8l-EpvjuFZHDhFmniJBma-_c1Qkvkda_P9QYZLCp-XBZGHVqfWrRQGzZ5TWpQ69CNTdzhQmoeNuMEU_GmS-9aRmsIZl2QmrJHVePVFv8ijJql2Fhw4q1fsPLJOACGKD3isc&amp;__tn__=-R\"><abbr title=\"Viernes, 30 de octubre de 2020 a las 12:19\">30 de octubre a las 12:19<\/abbr><\/a> \u00b7<\/p>\n\n\n\n<p><span style=\"color: #000000;\">??\u200d?Debido a la actual situaci\u00f3n por la COVID 19, este a\u00f1o no hemos podido visitar las instalaciones del CERN; por este motivo, desde el acelerador de part\u00edculas de Ginebra nos han organizado una conferencia virtual con una ingeniera de telecomunicaciones espa\u00f1ola, que nos ha explicado la historia del <a style=\"color: #000000;\" href=\"https:\/\/www.facebook.com\/hashtag\/cern?__eep__=6&amp;source=feed_text&amp;epa=HASHTAG&amp;__xts__%5B0%5D=68.ARBZgvrzhMSKT80YVxe9Rah7qrctG5sSnuY9sxPv-qdP4mEAjcP-waE4UKPPTRgAzp4eNAkjpfR1NAbs-Zaw3MEH0U-qs4gsgaC5WUj_6DePFM8eU7BvlAnaFkPHGDdFWVHMfadC5akKecc6_x3TdwirZ8486UM18kBJjjdCbUgV3Zm7F1e-a2BdoZ2JnVzObNL2SRtpo_2LuWoiaLz_uSHAAvI3hLXr8l-EpvjuFZHDhFmniJBma-_c1Qkvkda_P9QYZLCp-XBZGHVqfWrRQGzZ5TWpQ69CNTdzhQmoeNuMEU_GmS-9aRmsIZl2QmrJHVePVFv8ijJql2Fhw4q1fsPLJOACGKD3isc&amp;__tn__=%2ANK-R\">#CERN<\/a>, los principales descubrimientos realizados en sus instalaciones y las propuestas de futuro de este impresionante centro de investigaci\u00f3n de la F\u00edsica de Part\u00edculas?<\/span><\/p>\n\n\n\n<iframe loading=\"lazy\" src=\"https:\/\/www.facebook.com\/plugins\/video.php?href=https%3A%2F%2Fwww.facebook.com%2Finstitutoelmedano%2Fvideos%2F362936548485592%2F&amp;show_text=0&amp;width=560\" style=\"border:none;overflow:hidden\" scrolling=\"no\" allowtransparency=\"true\" allowfullscreen=\"true\" width=\"560\" height=\"323\" frameborder=\"0\"><\/iframe>\n","protected":false},"excerpt":{"rendered":"<p>30 de octubre a las 12:19 \u00b7 ??\u200d?Debido a la actual situaci\u00f3n por la COVID 19, este a\u00f1o no hemos podido visitar las instalaciones del CERN; por este motivo, desde el acelerador de part\u00edculas de Ginebra nos han organizado una conferencia virtual con una ingeniera de telecomunicaciones espa\u00f1ola, que nos ha explicado la historia del<\/p>\n","protected":false},"author":3,"featured_media":1620,"comment_status":"closed","ping_status":"closed","sticky":false,"template":"","format":"standard","meta":{"_monsterinsights_skip_tracking":false,"_monsterinsights_sitenote_active":false,"_monsterinsights_sitenote_note":"","_monsterinsights_sitenote_category":0,"footnotes":""},"categories":[1],"tags":[],"_links":{"self":[{"href":"https:\/\/ieselmedano.org\/index.php\/wp-json\/wp\/v2\/posts\/1619"}],"collection":[{"href":"https:\/\/ieselmedano.org\/index.php\/wp-json\/wp\/v2\/posts"}],"about":[{"href":"https:\/\/ieselmedano.org\/index.php\/wp-json\/wp\/v2\/types\/post"}],"author":[{"embeddable":true,"href":"https:\/\/ieselmedano.org\/index.php\/wp-json\/wp\/v2\/users\/3"}],"replies":[{"embeddable":true,"href":"https:\/\/ieselmedano.org\/index.php\/wp-json\/wp\/v2\/comments?post=1619"}],"version-history":[{"count":3,"href":"https:\/\/ieselmedano.org\/index.php\/wp-json\/wp\/v2\/posts\/1619\/revisions"}],"predecessor-version":[{"id":1630,"href":"https:\/\/ieselmedano.org\/index.php\/wp-json\/wp\/v2\/posts\/1619\/revisions\/1630"}],"wp:featuredmedia":[{"embeddable":true,"href":"https:\/\/ieselmedano.org\/index.php\/wp-json\/wp\/v2\/media\/1620"}],"wp:attachment":[{"href":"https:\/\/ieselmedano.org\/index.php\/wp-json\/wp\/v2\/media?parent=1619"}],"wp:term":[{"taxonomy":"category","embeddable":true,"href":"https:\/\/ieselmedano.org\/index.php\/wp-json\/wp\/v2\/categories?post=1619"},{"taxonomy":"post_tag","embeddable":true,"href":"https:\/\/ieselmedano.org\/index.php\/wp-json\/wp\/v2\/tags?post=1619"}],"curies":[{"name":"wp","href":"https:\/\/api.w.org\/{rel}","templated":true}]}}