{"id":1687,"date":"2020-11-19T20:40:17","date_gmt":"2020-11-19T20:40:17","guid":{"rendered":"http:\/\/ieselmedano.org\/?p=1687"},"modified":"2020-11-19T20:57:38","modified_gmt":"2020-11-19T20:57:38","slug":"dia-mundial-de-la-filosofia","status":"publish","type":"post","link":"https:\/\/ieselmedano.org\/index.php\/2020\/11\/19\/dia-mundial-de-la-filosofia\/","title":{"rendered":"D\u00eda mundial de la filosof\u00eda"},"content":{"rendered":"\n<div class=\"padlet-embed\" style=\"border:1px solid rgba(0,0,0,0.1);border-radius:2px;box-sizing:border-box;overflow:hidden;position:relative;width:100%;background:#F4F4F4\"><p style=\"padding:0;margin:0\"><iframe src=\"https:\/\/padlet.com\/embed\/o8y1afi1kk75zv9u\" frameborder=\"0\" allow=\"camera;microphone;geolocation\" style=\"width:100%;height:608px;display:block;padding:0;margin:0\"><\/iframe><\/p><div style=\"padding:8px;text-align:right;margin:0;\"><a href=\"https:\/\/padlet.com?ref=embed\" style=\"padding:0;margin:0;border:none;display:block;line-height:1;height:16px\" target=\"_blank\" rel=\"noopener noreferrer\"><img loading=\"lazy\" decoding=\"async\" src=\"https:\/\/padlet.net\/embeds\/made_with_padlet.png\" width=\"86\" height=\"16\" style=\"padding:0;margin:0;background:none;border:none;display:inline;box-shadow:none\" alt=\"Hecho con Padlet\"><\/a><\/div><\/div>\n\n\n\n<p><span class=\"d2edcug0 hpfvmrgz qv66sw1b c1et5uql rrkovp55 a8c37x1j keod5gw0 nxhoafnm aigsh9s9 d3f4x2em fe6kdd0r mau55g9w c8b282yb iv3no6db jq4qci2q a3bd9o3v knj5qynh oo9gr5id hzawbc8m\" dir=\"auto\" style=\"color: #000000;\"><span class=\"pq6dq46d tbxw36s4 knj5qynh kvgmc6g5 ditlmg2l oygrvhab nvdbi5me sf5mxxl7 gl3lb2sf hhz5lgdu\"><img loading=\"lazy\" decoding=\"async\" src=\"https:\/\/static.xx.fbcdn.net\/images\/emoji.php\/v9\/t6b\/1.5\/16\/1f989.png\" alt=\"?\" width=\"16\" height=\"16\" \/><\/span>El alumnado de 4\u00b0ESO ha celebrado el <a class=\"oajrlxb2 g5ia77u1 qu0x051f esr5mh6w e9989ue4 r7d6kgcz rq0escxv nhd2j8a9 nc684nl6 p7hjln8o kvgmc6g5 cxmmr5t8 oygrvhab hcukyx3x jb3vyjys rz4wbd8a qt6c0cv9 a8nywdso i1ao9s8h esuyzwwr f1sip0of lzcic4wl q66pz984 gpro0wi8 b1v8xokw\" style=\"color: #000000;\" tabindex=\"0\" role=\"link\" href=\"https:\/\/www.facebook.com\/hashtag\/d%C3%ADamundialdelafilosof%C3%ADa?__eep__=6&amp;__cft__[0]=AZUWTU1muSif0zrAbFfdouv-2XpazKLbR17plXy74e_zAj7hYalaskli7YScI8YypSILWtIbI3c-FrQ9wKwXZjUSk8LIHbaC_0YobBd8sh-F0x0DA6AWuE3T8NX_1vH8zHIhH_AkfN5TeIM5jonjNiK7&amp;__tn__=*NK-R\">#D\u00edaMundialdelaFilosof\u00eda<\/a> realizando exposiciones sobre la Filosof\u00eda Oriental. Y han realizado un Padlet con citas filos\u00f3ficas para invitar a la reflexi\u00f3n.<\/span><\/p>\n\n\n\n<p><span style=\"background-color: #ffffff; color: #000080;\"><strong><a style=\"background-color: #ffffff; color: #000080;\" href=\"https:\/\/padlet.com\/embed\/o8y1afi1kk75zv9u\" target=\"_blank\" rel=\"noopener noreferrer\">Ampl\u00eda el padlet de filosof\u00eda pinchando aqu\u00ed<\/a><\/strong><\/span><\/p>\n","protected":false},"excerpt":{"rendered":"<p>El alumnado de 4\u00b0ESO ha celebrado el #D\u00edaMundialdelaFilosof\u00eda realizando exposiciones sobre la Filosof\u00eda Oriental. Y han realizado un Padlet con citas filos\u00f3ficas para invitar a la reflexi\u00f3n. Ampl\u00eda el padlet de filosof\u00eda pinchando aqu\u00ed<\/p>\n","protected":false},"author":3,"featured_media":1693,"comment_status":"closed","ping_status":"closed","sticky":false,"template":"","format":"standard","meta":{"_monsterinsights_skip_tracking":false,"_monsterinsights_sitenote_active":false,"_monsterinsights_sitenote_note":"","_monsterinsights_sitenote_category":0,"footnotes":""},"categories":[1],"tags":[],"_links":{"self":[{"href":"https:\/\/ieselmedano.org\/index.php\/wp-json\/wp\/v2\/posts\/1687"}],"collection":[{"href":"https:\/\/ieselmedano.org\/index.php\/wp-json\/wp\/v2\/posts"}],"about":[{"href":"https:\/\/ieselmedano.org\/index.php\/wp-json\/wp\/v2\/types\/post"}],"author":[{"embeddable":true,"href":"https:\/\/ieselmedano.org\/index.php\/wp-json\/wp\/v2\/users\/3"}],"replies":[{"embeddable":true,"href":"https:\/\/ieselmedano.org\/index.php\/wp-json\/wp\/v2\/comments?post=1687"}],"version-history":[{"count":5,"href":"https:\/\/ieselmedano.org\/index.php\/wp-json\/wp\/v2\/posts\/1687\/revisions"}],"predecessor-version":[{"id":1694,"href":"https:\/\/ieselmedano.org\/index.php\/wp-json\/wp\/v2\/posts\/1687\/revisions\/1694"}],"wp:featuredmedia":[{"embeddable":true,"href":"https:\/\/ieselmedano.org\/index.php\/wp-json\/wp\/v2\/media\/1693"}],"wp:attachment":[{"href":"https:\/\/ieselmedano.org\/index.php\/wp-json\/wp\/v2\/media?parent=1687"}],"wp:term":[{"taxonomy":"category","embeddable":true,"href":"https:\/\/ieselmedano.org\/index.php\/wp-json\/wp\/v2\/categories?post=1687"},{"taxonomy":"post_tag","embeddable":true,"href":"https:\/\/ieselmedano.org\/index.php\/wp-json\/wp\/v2\/tags?post=1687"}],"curies":[{"name":"wp","href":"https:\/\/api.w.org\/{rel}","templated":true}]}}