{"id":1741,"date":"2020-12-09T18:20:00","date_gmt":"2020-12-09T18:20:00","guid":{"rendered":"http:\/\/ieselmedano.org\/?p=1741"},"modified":"2020-12-14T18:37:32","modified_gmt":"2020-12-14T18:37:32","slug":"comenzamos-las-semanas-pedagogicas","status":"publish","type":"post","link":"https:\/\/ieselmedano.org\/index.php\/2020\/12\/09\/comenzamos-las-semanas-pedagogicas\/","title":{"rendered":"Comenzamos las Semanas Pedag\u00f3gicas"},"content":{"rendered":"\n<div class=\"\" dir=\"auto\">\n<div id=\"jsc_c_at\" class=\"ecm0bbzt hv4rvrfc ihqw7lf3 dati1w0a\" data-ad-comet-preview=\"message\" data-ad-preview=\"message\">\n<div class=\"j83agx80 cbu4d94t ew0dbk1b irj2b8pg\">\n<div class=\"qzhwtbm6 knvmm38d\">\n<div class=\"kvgmc6g5 cxmmr5t8 oygrvhab hcukyx3x c1et5uql ii04i59q\">\n<div dir=\"auto\"><span class=\"pq6dq46d tbxw36s4 knj5qynh kvgmc6g5 ditlmg2l oygrvhab nvdbi5me sf5mxxl7 gl3lb2sf hhz5lgdu\"><img loading=\"lazy\" decoding=\"async\" src=\"https:\/\/static.xx.fbcdn.net\/images\/emoji.php\/v9\/tf8\/1\/16\/267b.png\" alt=\"\u267b\ufe0f\" width=\"16\" height=\"16\"><\/span>Iniciamos la Semana Pedag\u00f3gica con las Jornadas Iniciales del Proyecto\n<div class=\"nc684nl6\">M\u00e1s Pro Quo &#8211; Aulas por la Inclusi\u00f3n<\/div>\n.<\/div>\n<\/div>\n<div class=\"o9v6fnle cxmmr5t8 oygrvhab hcukyx3x c1et5uql ii04i59q\">\n<div dir=\"auto\">El alumnado participante ha sido el de 4\u00ba ESO, Aula Enclave y 2\u00ba ESO D que ha podido escuchar los testimonios de Hannah y Alberto adem\u00e1s de participar en diferentes din\u00e1micas propuestas por Melanie, Nuria y Ascen de la Asociaci\u00f3n Proinclusiva.<\/div>\n<\/div>\n<\/div>\n<\/div>\n<\/div>\n<\/div>\n\n\n\n<figure class=\"wp-block-gallery columns-2 is-cropped wp-block-gallery-1 is-layout-flex wp-block-gallery-is-layout-flex\"><ul class=\"blocks-gallery-grid\"><li class=\"blocks-gallery-item\"><figure><a  href=\"https:\/\/ieselmedano.org\/wp-content\/uploads\/2020\/12\/2.jpg\" data-rel=\"lightbox-gallery-0\" data-rl_title=\"\" data-rl_caption=\"\" title=\"\"><img loading=\"lazy\" decoding=\"async\" width=\"576\" height=\"324\" src=\"https:\/\/ieselmedano.org\/wp-content\/uploads\/2020\/12\/2.jpg\" alt=\"\" data-id=\"1743\" data-link=\"https:\/\/ieselmedano.org\/?attachment_id=1743\" class=\"wp-image-1743\" srcset=\"https:\/\/ieselmedano.org\/wp-content\/uploads\/2020\/12\/2.jpg 576w, https:\/\/ieselmedano.org\/wp-content\/uploads\/2020\/12\/2-300x169.jpg 300w\" sizes=\"(max-width: 576px) 100vw, 576px\" \/><\/a><\/figure><\/li><li class=\"blocks-gallery-item\"><figure><a  href=\"https:\/\/ieselmedano.org\/wp-content\/uploads\/2020\/12\/3.jpg\" data-rel=\"lightbox-gallery-0\" data-rl_title=\"\" data-rl_caption=\"\" title=\"\"><img loading=\"lazy\" decoding=\"async\" width=\"576\" height=\"324\" src=\"https:\/\/ieselmedano.org\/wp-content\/uploads\/2020\/12\/3.jpg\" alt=\"\" data-id=\"1744\" data-link=\"https:\/\/ieselmedano.org\/?attachment_id=1744\" class=\"wp-image-1744\" srcset=\"https:\/\/ieselmedano.org\/wp-content\/uploads\/2020\/12\/3.jpg 576w, https:\/\/ieselmedano.org\/wp-content\/uploads\/2020\/12\/3-300x169.jpg 300w\" sizes=\"(max-width: 576px) 100vw, 576px\" \/><\/a><\/figure><\/li><li class=\"blocks-gallery-item\"><figure><a  href=\"https:\/\/ieselmedano.org\/wp-content\/uploads\/2020\/12\/1-1.jpg\" data-rel=\"lightbox-gallery-0\" data-rl_title=\"\" data-rl_caption=\"\" title=\"\"><img loading=\"lazy\" decoding=\"async\" width=\"960\" height=\"540\" src=\"https:\/\/ieselmedano.org\/wp-content\/uploads\/2020\/12\/1-1.jpg\" alt=\"\" data-id=\"1745\" data-link=\"https:\/\/ieselmedano.org\/?attachment_id=1745\" class=\"wp-image-1745\" srcset=\"https:\/\/ieselmedano.org\/wp-content\/uploads\/2020\/12\/1-1.jpg 960w, https:\/\/ieselmedano.org\/wp-content\/uploads\/2020\/12\/1-1-300x169.jpg 300w, https:\/\/ieselmedano.org\/wp-content\/uploads\/2020\/12\/1-1-768x432.jpg 768w\" sizes=\"(max-width: 960px) 100vw, 960px\" \/><\/a><\/figure><\/li><li class=\"blocks-gallery-item\"><figure><a  href=\"https:\/\/ieselmedano.org\/wp-content\/uploads\/2020\/12\/4.jpg\" data-rel=\"lightbox-gallery-0\" data-rl_title=\"\" data-rl_caption=\"\" title=\"\"><img loading=\"lazy\" decoding=\"async\" width=\"576\" height=\"324\" src=\"https:\/\/ieselmedano.org\/wp-content\/uploads\/2020\/12\/4.jpg\" alt=\"\" data-id=\"1746\" data-full-url=\"https:\/\/ieselmedano.org\/wp-content\/uploads\/2020\/12\/4.jpg\" data-link=\"https:\/\/ieselmedano.org\/?attachment_id=1746\" class=\"wp-image-1746\" srcset=\"https:\/\/ieselmedano.org\/wp-content\/uploads\/2020\/12\/4.jpg 576w, https:\/\/ieselmedano.org\/wp-content\/uploads\/2020\/12\/4-300x169.jpg 300w\" sizes=\"(max-width: 576px) 100vw, 576px\" \/><\/a><\/figure><\/li><\/ul><\/figure>\n","protected":false},"excerpt":{"rendered":"<p>Iniciamos la Semana Pedag\u00f3gica con las Jornadas Iniciales del Proyecto M\u00e1s Pro Quo &#8211; Aulas por la Inclusi\u00f3n . El alumnado participante ha sido el de 4\u00ba ESO, Aula Enclave y 2\u00ba ESO D que ha podido escuchar los testimonios de Hannah y Alberto adem\u00e1s de participar en diferentes din\u00e1micas propuestas por Melanie, Nuria y<\/p>\n","protected":false},"author":3,"featured_media":1742,"comment_status":"closed","ping_status":"closed","sticky":false,"template":"","format":"standard","meta":{"_monsterinsights_skip_tracking":false,"_monsterinsights_sitenote_active":false,"_monsterinsights_sitenote_note":"","_monsterinsights_sitenote_category":0,"footnotes":""},"categories":[1],"tags":[],"_links":{"self":[{"href":"https:\/\/ieselmedano.org\/index.php\/wp-json\/wp\/v2\/posts\/1741"}],"collection":[{"href":"https:\/\/ieselmedano.org\/index.php\/wp-json\/wp\/v2\/posts"}],"about":[{"href":"https:\/\/ieselmedano.org\/index.php\/wp-json\/wp\/v2\/types\/post"}],"author":[{"embeddable":true,"href":"https:\/\/ieselmedano.org\/index.php\/wp-json\/wp\/v2\/users\/3"}],"replies":[{"embeddable":true,"href":"https:\/\/ieselmedano.org\/index.php\/wp-json\/wp\/v2\/comments?post=1741"}],"version-history":[{"count":2,"href":"https:\/\/ieselmedano.org\/index.php\/wp-json\/wp\/v2\/posts\/1741\/revisions"}],"predecessor-version":[{"id":1754,"href":"https:\/\/ieselmedano.org\/index.php\/wp-json\/wp\/v2\/posts\/1741\/revisions\/1754"}],"wp:featuredmedia":[{"embeddable":true,"href":"https:\/\/ieselmedano.org\/index.php\/wp-json\/wp\/v2\/media\/1742"}],"wp:attachment":[{"href":"https:\/\/ieselmedano.org\/index.php\/wp-json\/wp\/v2\/media?parent=1741"}],"wp:term":[{"taxonomy":"category","embeddable":true,"href":"https:\/\/ieselmedano.org\/index.php\/wp-json\/wp\/v2\/categories?post=1741"},{"taxonomy":"post_tag","embeddable":true,"href":"https:\/\/ieselmedano.org\/index.php\/wp-json\/wp\/v2\/tags?post=1741"}],"curies":[{"name":"wp","href":"https:\/\/api.w.org\/{rel}","templated":true}]}}