{"id":1756,"date":"2020-12-10T18:39:00","date_gmt":"2020-12-10T18:39:00","guid":{"rendered":"http:\/\/ieselmedano.org\/?p=1756"},"modified":"2020-12-14T18:42:21","modified_gmt":"2020-12-14T18:42:21","slug":"formacion-de-alumnado-mediador","status":"publish","type":"post","link":"https:\/\/ieselmedano.org\/index.php\/2020\/12\/10\/formacion-de-alumnado-mediador\/","title":{"rendered":"Formaci\u00f3n de alumnado mediador"},"content":{"rendered":"\n<p><span class=\"d2edcug0 hpfvmrgz qv66sw1b c1et5uql rrkovp55 a8c37x1j keod5gw0 nxhoafnm aigsh9s9 d3f4x2em fe6kdd0r mau55g9w c8b282yb iv3no6db jq4qci2q a3bd9o3v knj5qynh oo9gr5id hzawbc8m\" dir=\"auto\"><span class=\"pq6dq46d tbxw36s4 knj5qynh kvgmc6g5 ditlmg2l oygrvhab nvdbi5me sf5mxxl7 gl3lb2sf hhz5lgdu\"><img loading=\"lazy\" decoding=\"async\" src=\"https:\/\/static.xx.fbcdn.net\/images\/emoji.php\/v9\/te4\/1\/16\/1f6b8.png\" alt=\"?\" width=\"16\" height=\"16\" \/><\/span><span style=\"color: #000000;\">Comienzan las sesiones de formaci\u00f3n del equipo de alumnado <a class=\"oajrlxb2 g5ia77u1 qu0x051f esr5mh6w e9989ue4 r7d6kgcz rq0escxv nhd2j8a9 nc684nl6 p7hjln8o kvgmc6g5 cxmmr5t8 oygrvhab hcukyx3x jb3vyjys rz4wbd8a qt6c0cv9 a8nywdso i1ao9s8h esuyzwwr f1sip0of lzcic4wl q66pz984 gpro0wi8 b1v8xokw\" style=\"color: #000000;\" tabindex=\"0\" role=\"link\" href=\"https:\/\/www.facebook.com\/hashtag\/mediador?__eep__=6&amp;__cft__[0]=AZWt_K9XJnggytpUP6MtMpVzAA76fnjFqPppCNeBiWtt5wKg6STkvjLCzlUnXzl4F8eXk2ll8pEM6S78ts6MquZYb2ZlBNQYwZ0m-dzTfWOcM4bCLLOMjBCboLMoYBR90M_IEJcLk7Jmea1dVaMgkWLV&amp;__tn__=*NK-R\">#mediador<\/a> del IES El M\u00e9dano. La <a class=\"oajrlxb2 g5ia77u1 qu0x051f esr5mh6w e9989ue4 r7d6kgcz rq0escxv nhd2j8a9 nc684nl6 p7hjln8o kvgmc6g5 cxmmr5t8 oygrvhab hcukyx3x jb3vyjys rz4wbd8a qt6c0cv9 a8nywdso i1ao9s8h esuyzwwr f1sip0of lzcic4wl q66pz984 gpro0wi8 b1v8xokw\" style=\"color: #000000;\" tabindex=\"0\" role=\"link\" href=\"https:\/\/www.facebook.com\/hashtag\/mediaci%C3%B3n?__eep__=6&amp;__cft__[0]=AZWt_K9XJnggytpUP6MtMpVzAA76fnjFqPppCNeBiWtt5wKg6STkvjLCzlUnXzl4F8eXk2ll8pEM6S78ts6MquZYb2ZlBNQYwZ0m-dzTfWOcM4bCLLOMjBCboLMoYBR90M_IEJcLk7Jmea1dVaMgkWLV&amp;__tn__=*NK-R\">#mediaci\u00f3n<\/a> entre iguales en la resoluci\u00f3n de conflictos y la prevenci\u00f3n de los mismos es nuestro objetivo principal.<\/span><\/span><\/p>\n\n\n\n<figure class=\"wp-block-gallery columns-2 is-cropped wp-block-gallery-1 is-layout-flex wp-block-gallery-is-layout-flex\"><ul class=\"blocks-gallery-grid\"><li class=\"blocks-gallery-item\"><figure><a  href=\"https:\/\/ieselmedano.org\/wp-content\/uploads\/2020\/12\/1-3.jpg\" data-rel=\"lightbox-gallery-0\" data-rl_title=\"\" data-rl_caption=\"\" title=\"\"><img loading=\"lazy\" decoding=\"async\" width=\"708\" height=\"489\" src=\"https:\/\/ieselmedano.org\/wp-content\/uploads\/2020\/12\/1-3.jpg\" alt=\"\" data-id=\"1757\" data-link=\"https:\/\/ieselmedano.org\/?attachment_id=1757\" class=\"wp-image-1757\" srcset=\"https:\/\/ieselmedano.org\/wp-content\/uploads\/2020\/12\/1-3.jpg 708w, https:\/\/ieselmedano.org\/wp-content\/uploads\/2020\/12\/1-3-300x207.jpg 300w\" sizes=\"(max-width: 708px) 100vw, 708px\" \/><\/a><\/figure><\/li><li class=\"blocks-gallery-item\"><figure><a  href=\"https:\/\/ieselmedano.org\/wp-content\/uploads\/2020\/12\/2-2.jpg\" data-rel=\"lightbox-gallery-0\" data-rl_title=\"\" data-rl_caption=\"\" title=\"\"><img loading=\"lazy\" decoding=\"async\" width=\"712\" height=\"496\" src=\"https:\/\/ieselmedano.org\/wp-content\/uploads\/2020\/12\/2-2.jpg\" alt=\"\" data-id=\"1758\" data-full-url=\"https:\/\/ieselmedano.org\/wp-content\/uploads\/2020\/12\/2-2.jpg\" data-link=\"https:\/\/ieselmedano.org\/?attachment_id=1758\" class=\"wp-image-1758\" srcset=\"https:\/\/ieselmedano.org\/wp-content\/uploads\/2020\/12\/2-2.jpg 712w, https:\/\/ieselmedano.org\/wp-content\/uploads\/2020\/12\/2-2-300x209.jpg 300w\" sizes=\"(max-width: 712px) 100vw, 712px\" \/><\/a><\/figure><\/li><\/ul><\/figure>\n","protected":false},"excerpt":{"rendered":"<p>Comienzan las sesiones de formaci\u00f3n del equipo de alumnado #mediador del IES El M\u00e9dano. La #mediaci\u00f3n entre iguales en la resoluci\u00f3n de conflictos y la prevenci\u00f3n de los mismos es nuestro objetivo principal.<\/p>\n","protected":false},"author":3,"featured_media":1759,"comment_status":"closed","ping_status":"closed","sticky":false,"template":"","format":"standard","meta":{"_monsterinsights_skip_tracking":false,"_monsterinsights_sitenote_active":false,"_monsterinsights_sitenote_note":"","_monsterinsights_sitenote_category":0,"footnotes":""},"categories":[1],"tags":[],"_links":{"self":[{"href":"https:\/\/ieselmedano.org\/index.php\/wp-json\/wp\/v2\/posts\/1756"}],"collection":[{"href":"https:\/\/ieselmedano.org\/index.php\/wp-json\/wp\/v2\/posts"}],"about":[{"href":"https:\/\/ieselmedano.org\/index.php\/wp-json\/wp\/v2\/types\/post"}],"author":[{"embeddable":true,"href":"https:\/\/ieselmedano.org\/index.php\/wp-json\/wp\/v2\/users\/3"}],"replies":[{"embeddable":true,"href":"https:\/\/ieselmedano.org\/index.php\/wp-json\/wp\/v2\/comments?post=1756"}],"version-history":[{"count":1,"href":"https:\/\/ieselmedano.org\/index.php\/wp-json\/wp\/v2\/posts\/1756\/revisions"}],"predecessor-version":[{"id":1760,"href":"https:\/\/ieselmedano.org\/index.php\/wp-json\/wp\/v2\/posts\/1756\/revisions\/1760"}],"wp:featuredmedia":[{"embeddable":true,"href":"https:\/\/ieselmedano.org\/index.php\/wp-json\/wp\/v2\/media\/1759"}],"wp:attachment":[{"href":"https:\/\/ieselmedano.org\/index.php\/wp-json\/wp\/v2\/media?parent=1756"}],"wp:term":[{"taxonomy":"category","embeddable":true,"href":"https:\/\/ieselmedano.org\/index.php\/wp-json\/wp\/v2\/categories?post=1756"},{"taxonomy":"post_tag","embeddable":true,"href":"https:\/\/ieselmedano.org\/index.php\/wp-json\/wp\/v2\/tags?post=1756"}],"curies":[{"name":"wp","href":"https:\/\/api.w.org\/{rel}","templated":true}]}}