{"id":1761,"date":"2020-12-10T18:45:00","date_gmt":"2020-12-10T18:45:00","guid":{"rendered":"http:\/\/ieselmedano.org\/?p=1761"},"modified":"2020-12-14T18:54:01","modified_gmt":"2020-12-14T18:54:01","slug":"fundacion-la-caixa-proinfancia","status":"publish","type":"post","link":"https:\/\/ieselmedano.org\/index.php\/2020\/12\/10\/fundacion-la-caixa-proinfancia\/","title":{"rendered":"Fundaci\u00f3n La Caixa Proinfancia"},"content":{"rendered":"\n<div class=\"\" dir=\"auto\">\n<div id=\"jsc_c_13k\" class=\"ecm0bbzt hv4rvrfc ihqw7lf3 dati1w0a\" data-ad-comet-preview=\"message\" data-ad-preview=\"message\">\n<div class=\"j83agx80 cbu4d94t ew0dbk1b irj2b8pg\">\n<div class=\"qzhwtbm6 knvmm38d\">\n<div class=\"kvgmc6g5 cxmmr5t8 oygrvhab hcukyx3x c1et5uql ii04i59q\">\n<div dir=\"auto\"><span style=\"color: #000000;\">El proyecto @fundlacaixa <a class=\"oajrlxb2 g5ia77u1 qu0x051f esr5mh6w e9989ue4 r7d6kgcz rq0escxv nhd2j8a9 nc684nl6 p7hjln8o kvgmc6g5 cxmmr5t8 oygrvhab hcukyx3x jb3vyjys rz4wbd8a qt6c0cv9 a8nywdso i1ao9s8h esuyzwwr f1sip0of lzcic4wl q66pz984 gpro0wi8 b1v8xokw\" style=\"color: #000000;\" tabindex=\"0\" role=\"link\" href=\"https:\/\/www.facebook.com\/hashtag\/proinfancia?__eep__=6&amp;__cft__[0]=AZXtuFTX0qycbQg9ncLqrptWjrBJIuZ9Uo2xLjKKHH-Pp-dWxvKbBd52VUNGjC1d83TGnBgLW9d0Q1gA5amw7ozTOMHuvH-rfRVP6C-xmonWLV78eJcLFQkUh9TqtS1kFoYT8p3J8-R4q3KDDhf5cWrt&amp;__tn__=*NK-R\">#Proinfancia<\/a> impulsa el desarrollo de los m\u00e1s peque\u00f1os para garantizarles referentes s\u00f3lidos para su futuro y un nivel de bienestar \u00f3ptimo que favorezca su crecimiento y si formaci\u00f3n a trav\u00e9s de diferentes servicios.<\/span><\/div>\n<div dir=\"auto\"><span style=\"color: #000000;\">El alumnado de los ciclos formativos ha recibido la visita de Idayra y Carmen, coordinadoras del proyecto Caixa <a class=\"oajrlxb2 g5ia77u1 qu0x051f esr5mh6w e9989ue4 r7d6kgcz rq0escxv nhd2j8a9 nc684nl6 p7hjln8o kvgmc6g5 cxmmr5t8 oygrvhab hcukyx3x jb3vyjys rz4wbd8a qt6c0cv9 a8nywdso i1ao9s8h esuyzwwr f1sip0of lzcic4wl q66pz984 gpro0wi8 b1v8xokw\" style=\"color: #000000;\" tabindex=\"0\" role=\"link\" href=\"https:\/\/www.facebook.com\/hashtag\/proinfancia?__eep__=6&amp;__cft__[0]=AZXtuFTX0qycbQg9ncLqrptWjrBJIuZ9Uo2xLjKKHH-Pp-dWxvKbBd52VUNGjC1d83TGnBgLW9d0Q1gA5amw7ozTOMHuvH-rfRVP6C-xmonWLV78eJcLFQkUh9TqtS1kFoYT8p3J8-R4q3KDDhf5cWrt&amp;__tn__=*NK-R\">#Proinfancia<\/a> de la provincia de Santa Cruz de Tenerife<\/span><\/div>\n<\/div>\n<\/div>\n<\/div>\n<\/div>\n<\/div>\n\n\n\n<figure class=\"wp-block-gallery columns-2 is-cropped wp-block-gallery-1 is-layout-flex wp-block-gallery-is-layout-flex\"><ul class=\"blocks-gallery-grid\"><li class=\"blocks-gallery-item\"><figure><a  href=\"https:\/\/ieselmedano.org\/wp-content\/uploads\/2020\/12\/1-4.jpg\" data-rel=\"lightbox-gallery-0\" data-rl_title=\"\" data-rl_caption=\"\" title=\"\"><img loading=\"lazy\" decoding=\"async\" width=\"600\" height=\"450\" src=\"https:\/\/ieselmedano.org\/wp-content\/uploads\/2020\/12\/1-4.jpg\" alt=\"\" data-id=\"1762\" data-link=\"https:\/\/ieselmedano.org\/?attachment_id=1762\" class=\"wp-image-1762\" srcset=\"https:\/\/ieselmedano.org\/wp-content\/uploads\/2020\/12\/1-4.jpg 600w, https:\/\/ieselmedano.org\/wp-content\/uploads\/2020\/12\/1-4-300x225.jpg 300w\" sizes=\"(max-width: 600px) 100vw, 600px\" \/><\/a><\/figure><\/li><li class=\"blocks-gallery-item\"><figure><a  href=\"https:\/\/ieselmedano.org\/wp-content\/uploads\/2020\/12\/2-4.jpg\" data-rel=\"lightbox-gallery-0\" data-rl_title=\"\" data-rl_caption=\"\" title=\"\"><img loading=\"lazy\" decoding=\"async\" width=\"600\" height=\"450\" src=\"https:\/\/ieselmedano.org\/wp-content\/uploads\/2020\/12\/2-4.jpg\" alt=\"\" data-id=\"1763\" data-full-url=\"https:\/\/ieselmedano.org\/wp-content\/uploads\/2020\/12\/2-4.jpg\" data-link=\"https:\/\/ieselmedano.org\/?attachment_id=1763\" class=\"wp-image-1763\" srcset=\"https:\/\/ieselmedano.org\/wp-content\/uploads\/2020\/12\/2-4.jpg 600w, https:\/\/ieselmedano.org\/wp-content\/uploads\/2020\/12\/2-4-300x225.jpg 300w\" sizes=\"(max-width: 600px) 100vw, 600px\" \/><\/a><\/figure><\/li><\/ul><\/figure>\n","protected":false},"excerpt":{"rendered":"<p>El proyecto @fundlacaixa #Proinfancia impulsa el desarrollo de los m\u00e1s peque\u00f1os para garantizarles referentes s\u00f3lidos para su futuro y un nivel de bienestar \u00f3ptimo que favorezca su crecimiento y si formaci\u00f3n a trav\u00e9s de diferentes servicios. El alumnado de los ciclos formativos ha recibido la visita de Idayra y Carmen, coordinadoras del proyecto Caixa #Proinfancia<\/p>\n","protected":false},"author":3,"featured_media":1764,"comment_status":"closed","ping_status":"closed","sticky":false,"template":"","format":"standard","meta":{"_monsterinsights_skip_tracking":false,"_monsterinsights_sitenote_active":false,"_monsterinsights_sitenote_note":"","_monsterinsights_sitenote_category":0,"footnotes":""},"categories":[1],"tags":[],"_links":{"self":[{"href":"https:\/\/ieselmedano.org\/index.php\/wp-json\/wp\/v2\/posts\/1761"}],"collection":[{"href":"https:\/\/ieselmedano.org\/index.php\/wp-json\/wp\/v2\/posts"}],"about":[{"href":"https:\/\/ieselmedano.org\/index.php\/wp-json\/wp\/v2\/types\/post"}],"author":[{"embeddable":true,"href":"https:\/\/ieselmedano.org\/index.php\/wp-json\/wp\/v2\/users\/3"}],"replies":[{"embeddable":true,"href":"https:\/\/ieselmedano.org\/index.php\/wp-json\/wp\/v2\/comments?post=1761"}],"version-history":[{"count":1,"href":"https:\/\/ieselmedano.org\/index.php\/wp-json\/wp\/v2\/posts\/1761\/revisions"}],"predecessor-version":[{"id":1765,"href":"https:\/\/ieselmedano.org\/index.php\/wp-json\/wp\/v2\/posts\/1761\/revisions\/1765"}],"wp:featuredmedia":[{"embeddable":true,"href":"https:\/\/ieselmedano.org\/index.php\/wp-json\/wp\/v2\/media\/1764"}],"wp:attachment":[{"href":"https:\/\/ieselmedano.org\/index.php\/wp-json\/wp\/v2\/media?parent=1761"}],"wp:term":[{"taxonomy":"category","embeddable":true,"href":"https:\/\/ieselmedano.org\/index.php\/wp-json\/wp\/v2\/categories?post=1761"},{"taxonomy":"post_tag","embeddable":true,"href":"https:\/\/ieselmedano.org\/index.php\/wp-json\/wp\/v2\/tags?post=1761"}],"curies":[{"name":"wp","href":"https:\/\/api.w.org\/{rel}","templated":true}]}}