{"id":1798,"date":"2020-12-30T10:28:38","date_gmt":"2020-12-30T10:28:38","guid":{"rendered":"http:\/\/ieselmedano.org\/?p=1798"},"modified":"2021-01-03T08:13:03","modified_gmt":"2021-01-03T08:13:03","slug":"explicacion-del-proyecto-erasmus-k-229","status":"publish","type":"post","link":"https:\/\/ieselmedano.org\/index.php\/2020\/12\/30\/explicacion-del-proyecto-erasmus-k-229\/","title":{"rendered":"Explicaci\u00f3n del Proyecto Erasmus+ K229"},"content":{"rendered":"\n<p>Damos comienzo al Proyecto Erasmus+ K229 \u00abCooler Climate Challenge\u00bb. Este proyecto promueve la movilidad del alumnado y en \u00e9l participan tres centros, uno en Hungr\u00eda, uno en la Rep\u00fablica Checa y nuestro centro IES El M\u00e9dano. En la siguiente infograf\u00eda explicamos los objetivos y en qu\u00e9 consisten estas movilidades.<\/p>\n<p>\u00a0<\/p>\n\n\n\n<div class=\"wp-block-file\"><a href=\"http:\/\/ieselmedano.org\/wp-content\/uploads\/2020\/12\/Infografia-COOL-CLIMATE-CHALLENGE-1.pdf\">Infograf\u00eda COOL CLIMATE CHALLENGE<\/a><a href=\"http:\/\/ieselmedano.org\/wp-content\/uploads\/2020\/12\/Infografia-COOL-CLIMATE-CHALLENGE-1.pdf\" class=\"wp-block-file__button\" download>Descarga<\/a><\/div>\n","protected":false},"excerpt":{"rendered":"<p>Damos comienzo al Proyecto Erasmus+ K229 \u00abCooler Climate Challenge\u00bb. Este proyecto promueve la movilidad del alumnado y en \u00e9l participan tres centros, uno en Hungr\u00eda, uno en la Rep\u00fablica Checa y nuestro centro IES El M\u00e9dano. En la siguiente infograf\u00eda explicamos los objetivos y en qu\u00e9 consisten estas movilidades. \u00a0<\/p>\n","protected":false},"author":5,"featured_media":1776,"comment_status":"open","ping_status":"open","sticky":false,"template":"","format":"standard","meta":{"_monsterinsights_skip_tracking":false,"_monsterinsights_sitenote_active":false,"_monsterinsights_sitenote_note":"","_monsterinsights_sitenote_category":0,"footnotes":""},"categories":[11],"tags":[],"_links":{"self":[{"href":"https:\/\/ieselmedano.org\/index.php\/wp-json\/wp\/v2\/posts\/1798"}],"collection":[{"href":"https:\/\/ieselmedano.org\/index.php\/wp-json\/wp\/v2\/posts"}],"about":[{"href":"https:\/\/ieselmedano.org\/index.php\/wp-json\/wp\/v2\/types\/post"}],"author":[{"embeddable":true,"href":"https:\/\/ieselmedano.org\/index.php\/wp-json\/wp\/v2\/users\/5"}],"replies":[{"embeddable":true,"href":"https:\/\/ieselmedano.org\/index.php\/wp-json\/wp\/v2\/comments?post=1798"}],"version-history":[{"count":2,"href":"https:\/\/ieselmedano.org\/index.php\/wp-json\/wp\/v2\/posts\/1798\/revisions"}],"predecessor-version":[{"id":1889,"href":"https:\/\/ieselmedano.org\/index.php\/wp-json\/wp\/v2\/posts\/1798\/revisions\/1889"}],"wp:featuredmedia":[{"embeddable":true,"href":"https:\/\/ieselmedano.org\/index.php\/wp-json\/wp\/v2\/media\/1776"}],"wp:attachment":[{"href":"https:\/\/ieselmedano.org\/index.php\/wp-json\/wp\/v2\/media?parent=1798"}],"wp:term":[{"taxonomy":"category","embeddable":true,"href":"https:\/\/ieselmedano.org\/index.php\/wp-json\/wp\/v2\/categories?post=1798"},{"taxonomy":"post_tag","embeddable":true,"href":"https:\/\/ieselmedano.org\/index.php\/wp-json\/wp\/v2\/tags?post=1798"}],"curies":[{"name":"wp","href":"https:\/\/api.w.org\/{rel}","templated":true}]}}