{"id":2015,"date":"2021-01-17T12:40:00","date_gmt":"2021-01-17T12:40:00","guid":{"rendered":"http:\/\/ieselmedano.org\/?p=2015"},"modified":"2021-01-20T12:45:10","modified_gmt":"2021-01-20T12:45:10","slug":"renovacion-del-consejo-escolar-20-21","status":"publish","type":"post","link":"https:\/\/ieselmedano.org\/index.php\/2021\/01\/17\/renovacion-del-consejo-escolar-20-21\/","title":{"rendered":"Renovaci\u00f3n del Consejo Escolar 20-21"},"content":{"rendered":"\n<p class=\"western\" lang=\"en-GB\" align=\"center\"><span style=\"font-family: Times New Roman, serif;\"><span style=\"font-size: medium;\"><b>CONVOCATORIA DE ELECCIONES DE LAS PERSONAS REPRESENTANTES DE PADRES, MADRES Y PERSONAS TUTORAS LEGALES DEL ALUMNADO, DEL PROPIO ALUMNADO Y DEL PERSONAL DE ADMINISTRACI\u00d3N Y SERVICIOS EN EL CONSEJO ESCOLAR.<\/b><\/span><\/span><\/p>\n<p class=\"western\" lang=\"en-GB\" align=\"justify\"><span style=\"font-family: Times New Roman, serif;\"><span style=\"font-size: medium;\">D. Sebasti\u00e1n Cubas D\u00edaz, director de este Centro y presidente de la Junta Electoral del mismo, hace p\u00fablica la convocatoria de elecciones de las personas representantes de padres, madres, tutores legales del alumnado, del alumnado y del personal de administraci\u00f3n y servicios en el Consejo Escolar, de acuerdo con las instrucciones recogidas en la Resoluci\u00f3n de 29 de julio de 2020, por la que se convoca el proceso y se aprueba el calendario para la renovaci\u00f3n parcial o la nueva constituci\u00f3n de los Consejos Escolares de los centros educativos sostenidos con fondos p\u00fablicos del \u00e1mbito de la Comunidad Aut\u00f3noma de Canarias, a celebrar en el curso escolar 2020\/2021 (BOC n.\u00ba 163, de 13 de agosto).<\/span><\/span><\/p>\n<p class=\"western\" lang=\"en-GB\" align=\"justify\"><span style=\"font-family: Times New Roman, serif;\"><span style=\"font-size: medium;\"><b>1.<\/b> Las votaciones se celebrar\u00e1n en este centro en las fechas, horas y locales siguientes:<\/span><\/span><\/p>\n<p class=\"western\" lang=\"en-GB\" align=\"justify\"><span style=\"font-family: Times New Roman, serif;\"><span style=\"font-size: medium;\"><b>ELECCI\u00d3N DE PERSONAS REPRESENTANTES DE PADRES, MADRES O PERSONAS TUTORAS LEGALES DEL ALUMNADO:<\/b><\/span><\/span><\/p>\n<p class=\"western\" lang=\"en-GB\" align=\"justify\"><span style=\"font-family: Times New Roman, serif;\"><span style=\"font-size: medium;\"> FECHA: 04\/02\/2020, HORA: desde las 9:00 a las 13:00 horas de la ma\u00f1ana y desde las 17.00 a las 19:00 horas de la tarde.<\/span><\/span><\/p>\n<p class=\"western\" lang=\"en-GB\" align=\"justify\"><span style=\"font-family: Times New Roman, serif;\"><span style=\"font-size: medium;\"> LOCAL: Entrada del centro<\/span><\/span><\/p>\n<p class=\"western\" lang=\"en-GB\" align=\"justify\"><span style=\"font-family: Times New Roman, serif;\"><span style=\"font-size: medium;\"><b>ELECCI\u00d3N DEL ALUMNADO:<\/b><\/span><\/span><\/p>\n<p class=\"western\" lang=\"en-GB\" align=\"justify\"><span style=\"font-family: Times New Roman, serif;\"><span style=\"font-size: medium;\">FECHA: 04\/02\/2020, HORA: desde las 8:00 a las 13:00 horas de la ma\u00f1ana y desde las 14:00 a las 19:00 horas de la tarde..<\/span><\/span><\/p>\n<p class=\"western\" lang=\"en-GB\" align=\"justify\"><span style=\"font-family: Times New Roman, serif;\"><span style=\"font-size: medium;\"> LOCAL: Aulario del centro<\/span><\/span><\/p>\n<p class=\"western\" lang=\"en-GB\" align=\"justify\"><span style=\"font-family: Times New Roman, serif;\"><span style=\"font-size: medium;\"><b>ELECCI\u00d3N DE PERSONAS REPRESENTANTES DEL PERSONAL DE ADMINISTRACI\u00d3N Y SERVICIOS:<\/b><\/span><\/span><\/p>\n<p class=\"western\" lang=\"en-GB\" align=\"justify\"><span style=\"font-family: Times New Roman, serif;\"><span style=\"font-size: medium;\">FECHA: 04\/02\/2020, HORA: desde las 9:00 a las 13:00 horas.<\/span><\/span><\/p>\n<p class=\"western\" lang=\"en-GB\" align=\"justify\"><span style=\"font-family: Times New Roman, serif;\"><span style=\"font-size: medium;\"> LOCAL: Secretar\u00eda del centro<\/span><\/span><\/p>\n<p class=\"western\" lang=\"en-GB\" align=\"justify\"><span style=\"font-family: Times New Roman, serif;\"><span style=\"font-size: medium;\"><b>2.<\/b> Las candidaturas se presentar\u00e1n por escrito a la Junta Electoral, a trav\u00e9s de la secretar\u00eda del centro, hasta el d\u00eda 25 de enero. La Junta Electoral proclamar\u00e1 la lista de candidatos y la publicar\u00e1 en el tabl\u00f3n de anuncios del centro.<\/span><\/span><\/p>\n<p class=\"western\" lang=\"en-GB\" align=\"justify\"><span style=\"font-family: Times New Roman, serif;\"><span style=\"font-size: medium;\"><b>3. <\/b>Los censos electorales se expondr\u00e1n a partir del d\u00eda 18\/01\/2020<b> <\/b>en el tabl\u00f3n de anuncios. Las reclamaciones al mismo podr\u00e1n presentarse, por escrito, dirigidas al presidente\/la presidenta de la Junta Electoral, hasta el d\u00eda 27 de enero, inclusive. La Junta Electoral publicar\u00e1, en el tabl\u00f3n de anuncios y en la web del centro, en su caso, las resoluciones a las reclamaciones presentadas sobre el censo.<\/span><\/span><\/p>\n<p class=\"western\" lang=\"en-GB\" align=\"justify\"><span style=\"font-family: Times New Roman, serif;\"><span style=\"font-size: medium;\"><b>4.<\/b> El sorteo de las personas miembros de las mesas electorales ser\u00e1 realizado, ante la Junta Electoral, el d\u00eda 28 de enero, a las 11:00 horas, en el vest\u00edbulo de este centro.<\/span><\/span><\/p>\n<p class=\"western\" lang=\"en-GB\" align=\"justify\"><span style=\"font-family: Times New Roman, serif;\"><span style=\"font-size: medium;\"><b>5.<\/b> Cada persona electora har\u00e1 constar en la papeleta, de entre los candidatos y las candidatas de su sector, el n\u00famero normativamente establecido.<\/span><\/span><\/p>\n<p class=\"western\" lang=\"en-GB\" align=\"justify\"><span style=\"font-family: Times New Roman, serif;\"><span style=\"font-size: medium;\">En el caso del sector de padres, madres o personas tutoras legales del alumnado, en el momento de depositar su voto se deber\u00e1 presentar ante el presidente\/la presidenta de la mesa electoral, su DNI en vigor u otro documento que acredite suficientemente su personalidad.<\/span><\/span><\/p>\n<p class=\"western\" lang=\"en-GB\" align=\"justify\"><span style=\"font-family: Times New Roman, serif;\"><span style=\"font-size: medium;\"><b>6. <\/b>Los padres, madres o personas tutoras legales del alumnado, debidamente inscritos en el censo, podr\u00e1n utilizar el derecho al voto por correo, en los t\u00e9rminos que se determina en la normativa que regula la convocatoria.<\/span><\/span><\/p>\n<p class=\"western\" lang=\"en-GB\" align=\"justify\"><span style=\"font-family: Times New Roman, serif;\"><span style=\"font-size: medium;\"><b>7.<\/b> La Junta Electoral del centro resolver\u00e1 cualquier duda, consulta, o reclamaci\u00f3n que pudiera surgir. Contra las resoluciones de la Junta se podr\u00e1 reclamar ante la Direcci\u00f3n Territorial de Educaci\u00f3n seg\u00fan establece la normativa que regula la convocatoria.<\/span><\/span><\/p>\n<p class=\"western\" lang=\"en-GB\" align=\"center\"><span style=\"color: #000000;\"><span style=\"font-family: Times New Roman, serif;\"><span style=\"font-size: medium;\"><b> El presidente de la Junta Electoral<\/b><\/span><\/span><\/span><\/p>\n<p class=\"western\" lang=\"en-GB\" align=\"center\"><span style=\"color: #000000;\"><span style=\"font-family: Times New Roman, serif;\"><span style=\"font-size: medium;\"><b> Sebasti\u00e1n Cubas D\u00edaz<\/b><\/span><\/span><\/span><\/p>\n","protected":false},"excerpt":{"rendered":"<p>CONVOCATORIA DE ELECCIONES DE LAS PERSONAS REPRESENTANTES DE PADRES, MADRES Y PERSONAS TUTORAS LEGALES DEL ALUMNADO, DEL PROPIO ALUMNADO Y DEL PERSONAL DE ADMINISTRACI\u00d3N Y SERVICIOS EN EL CONSEJO ESCOLAR. D. Sebasti\u00e1n Cubas D\u00edaz, director de este Centro y presidente de la Junta Electoral del mismo, hace p\u00fablica la convocatoria de elecciones de las personas<\/p>\n","protected":false},"author":3,"featured_media":2016,"comment_status":"closed","ping_status":"closed","sticky":false,"template":"","format":"standard","meta":{"_monsterinsights_skip_tracking":false,"_monsterinsights_sitenote_active":false,"_monsterinsights_sitenote_note":"","_monsterinsights_sitenote_category":0,"footnotes":""},"categories":[1],"tags":[],"_links":{"self":[{"href":"https:\/\/ieselmedano.org\/index.php\/wp-json\/wp\/v2\/posts\/2015"}],"collection":[{"href":"https:\/\/ieselmedano.org\/index.php\/wp-json\/wp\/v2\/posts"}],"about":[{"href":"https:\/\/ieselmedano.org\/index.php\/wp-json\/wp\/v2\/types\/post"}],"author":[{"embeddable":true,"href":"https:\/\/ieselmedano.org\/index.php\/wp-json\/wp\/v2\/users\/3"}],"replies":[{"embeddable":true,"href":"https:\/\/ieselmedano.org\/index.php\/wp-json\/wp\/v2\/comments?post=2015"}],"version-history":[{"count":1,"href":"https:\/\/ieselmedano.org\/index.php\/wp-json\/wp\/v2\/posts\/2015\/revisions"}],"predecessor-version":[{"id":2017,"href":"https:\/\/ieselmedano.org\/index.php\/wp-json\/wp\/v2\/posts\/2015\/revisions\/2017"}],"wp:featuredmedia":[{"embeddable":true,"href":"https:\/\/ieselmedano.org\/index.php\/wp-json\/wp\/v2\/media\/2016"}],"wp:attachment":[{"href":"https:\/\/ieselmedano.org\/index.php\/wp-json\/wp\/v2\/media?parent=2015"}],"wp:term":[{"taxonomy":"category","embeddable":true,"href":"https:\/\/ieselmedano.org\/index.php\/wp-json\/wp\/v2\/categories?post=2015"},{"taxonomy":"post_tag","embeddable":true,"href":"https:\/\/ieselmedano.org\/index.php\/wp-json\/wp\/v2\/tags?post=2015"}],"curies":[{"name":"wp","href":"https:\/\/api.w.org\/{rel}","templated":true}]}}