{"id":2021,"date":"2021-01-20T16:06:37","date_gmt":"2021-01-20T16:06:37","guid":{"rendered":"http:\/\/ieselmedano.org\/?p=2021"},"modified":"2021-01-21T08:13:12","modified_gmt":"2021-01-21T08:13:12","slug":"logos-preseleccionados","status":"publish","type":"post","link":"https:\/\/ieselmedano.org\/index.php\/2021\/01\/20\/logos-preseleccionados\/","title":{"rendered":"Logos preseleccionados"},"content":{"rendered":"\n<p>Tras las votaciones realizadas, en las que han participado m\u00e1s de 200 personas, ya tenemos los tres logos ganadores de nuestro centro. Estos tres logos se presentar\u00e1n, junto los seleccionados en Hungr\u00eda y en la Rep\u00fablica Checa, para su fase final. De aqu\u00ed saldr\u00e1 el logo o logos que representar\u00e1n al Proyecto Erasmus+ k229 \u00abCooler Climate Challenge\u00bb a lo largo de toda su andadura. Felicitaciones a los ganadores y, sobre todo, gracias a todo el personal por su alta participaci\u00f3n.<\/p>\n<p>After the poll, in which more than 200 people have participated, we already have the 3 winner logos from our school. These 3 logos, together with the other 6 ones from our school partners in Czech Republic and Hungary, will now take part in the final logo contest to choose the image that will identify our Erasmus+ K229 project\u00a0\u00abCooler Climate Challenge\u00bb. Congratulations to the 3 winners and thank you to all those who have participated.<\/p>\n<p>\u00a0<\/p>\n<p>\u00a0<\/p>\n\n\n\n<figure class=\"wp-block-gallery columns-3 is-cropped wp-block-gallery-1 is-layout-flex wp-block-gallery-is-layout-flex\"><ul class=\"blocks-gallery-grid\"><li class=\"blocks-gallery-item\"><figure><img loading=\"lazy\" decoding=\"async\" width=\"720\" height=\"862\" src=\"https:\/\/ieselmedano.org\/wp-content\/uploads\/2021\/01\/Camila-Alejandra-Barrios-Lopez.png\" alt=\"\" data-id=\"2023\" data-full-url=\"https:\/\/ieselmedano.org\/wp-content\/uploads\/2021\/01\/Camila-Alejandra-Barrios-Lopez.png\" data-link=\"https:\/\/ieselmedano.org\/?attachment_id=2023\" class=\"wp-image-2023\" srcset=\"https:\/\/ieselmedano.org\/wp-content\/uploads\/2021\/01\/Camila-Alejandra-Barrios-Lopez.png 720w, https:\/\/ieselmedano.org\/wp-content\/uploads\/2021\/01\/Camila-Alejandra-Barrios-Lopez-251x300.png 251w\" sizes=\"(max-width: 720px) 100vw, 720px\" \/><\/figure><\/li><li class=\"blocks-gallery-item\"><figure><img loading=\"lazy\" decoding=\"async\" width=\"768\" height=\"1024\" src=\"https:\/\/ieselmedano.org\/wp-content\/uploads\/2021\/01\/David-Gomes-Borges-768x1024.jpg\" alt=\"\" data-id=\"2024\" data-full-url=\"https:\/\/ieselmedano.org\/wp-content\/uploads\/2021\/01\/David-Gomes-Borges-scaled.jpg\" data-link=\"https:\/\/ieselmedano.org\/?attachment_id=2024\" class=\"wp-image-2024\" srcset=\"https:\/\/ieselmedano.org\/wp-content\/uploads\/2021\/01\/David-Gomes-Borges-768x1024.jpg 768w, https:\/\/ieselmedano.org\/wp-content\/uploads\/2021\/01\/David-Gomes-Borges-225x300.jpg 225w, https:\/\/ieselmedano.org\/wp-content\/uploads\/2021\/01\/David-Gomes-Borges-1152x1536.jpg 1152w, https:\/\/ieselmedano.org\/wp-content\/uploads\/2021\/01\/David-Gomes-Borges-1536x2048.jpg 1536w, https:\/\/ieselmedano.org\/wp-content\/uploads\/2021\/01\/David-Gomes-Borges-scaled.jpg 1920w\" sizes=\"(max-width: 768px) 100vw, 768px\" \/><\/figure><\/li><li class=\"blocks-gallery-item\"><figure><img loading=\"lazy\" decoding=\"async\" width=\"768\" height=\"1024\" src=\"https:\/\/ieselmedano.org\/wp-content\/uploads\/2021\/01\/Liced-Dayana-Delgado-MARINjpg-768x1024.jpg\" alt=\"\" data-id=\"2025\" data-full-url=\"https:\/\/ieselmedano.org\/wp-content\/uploads\/2021\/01\/Liced-Dayana-Delgado-MARINjpg-scaled.jpg\" data-link=\"https:\/\/ieselmedano.org\/?attachment_id=2025\" class=\"wp-image-2025\" srcset=\"https:\/\/ieselmedano.org\/wp-content\/uploads\/2021\/01\/Liced-Dayana-Delgado-MARINjpg-768x1024.jpg 768w, https:\/\/ieselmedano.org\/wp-content\/uploads\/2021\/01\/Liced-Dayana-Delgado-MARINjpg-225x300.jpg 225w, https:\/\/ieselmedano.org\/wp-content\/uploads\/2021\/01\/Liced-Dayana-Delgado-MARINjpg-1152x1536.jpg 1152w, https:\/\/ieselmedano.org\/wp-content\/uploads\/2021\/01\/Liced-Dayana-Delgado-MARINjpg-1536x2048.jpg 1536w, https:\/\/ieselmedano.org\/wp-content\/uploads\/2021\/01\/Liced-Dayana-Delgado-MARINjpg-scaled.jpg 1920w\" sizes=\"(max-width: 768px) 100vw, 768px\" \/><\/figure><\/li><\/ul><\/figure>\n","protected":false},"excerpt":{"rendered":"<p>Tras las votaciones realizadas, en las que han participado m\u00e1s de 200 personas, ya tenemos los tres logos ganadores de nuestro centro. Estos tres logos se presentar\u00e1n, junto los seleccionados en Hungr\u00eda y en la Rep\u00fablica Checa, para su fase final. De aqu\u00ed saldr\u00e1 el logo o logos que representar\u00e1n al Proyecto Erasmus+ k229 \u00abCooler<\/p>\n","protected":false},"author":5,"featured_media":1776,"comment_status":"open","ping_status":"open","sticky":false,"template":"","format":"standard","meta":{"_monsterinsights_skip_tracking":false,"_monsterinsights_sitenote_active":false,"_monsterinsights_sitenote_note":"","_monsterinsights_sitenote_category":0,"footnotes":""},"categories":[11],"tags":[],"_links":{"self":[{"href":"https:\/\/ieselmedano.org\/index.php\/wp-json\/wp\/v2\/posts\/2021"}],"collection":[{"href":"https:\/\/ieselmedano.org\/index.php\/wp-json\/wp\/v2\/posts"}],"about":[{"href":"https:\/\/ieselmedano.org\/index.php\/wp-json\/wp\/v2\/types\/post"}],"author":[{"embeddable":true,"href":"https:\/\/ieselmedano.org\/index.php\/wp-json\/wp\/v2\/users\/5"}],"replies":[{"embeddable":true,"href":"https:\/\/ieselmedano.org\/index.php\/wp-json\/wp\/v2\/comments?post=2021"}],"version-history":[{"count":3,"href":"https:\/\/ieselmedano.org\/index.php\/wp-json\/wp\/v2\/posts\/2021\/revisions"}],"predecessor-version":[{"id":2029,"href":"https:\/\/ieselmedano.org\/index.php\/wp-json\/wp\/v2\/posts\/2021\/revisions\/2029"}],"wp:featuredmedia":[{"embeddable":true,"href":"https:\/\/ieselmedano.org\/index.php\/wp-json\/wp\/v2\/media\/1776"}],"wp:attachment":[{"href":"https:\/\/ieselmedano.org\/index.php\/wp-json\/wp\/v2\/media?parent=2021"}],"wp:term":[{"taxonomy":"category","embeddable":true,"href":"https:\/\/ieselmedano.org\/index.php\/wp-json\/wp\/v2\/categories?post=2021"},{"taxonomy":"post_tag","embeddable":true,"href":"https:\/\/ieselmedano.org\/index.php\/wp-json\/wp\/v2\/tags?post=2021"}],"curies":[{"name":"wp","href":"https:\/\/api.w.org\/{rel}","templated":true}]}}