{"id":2104,"date":"2021-03-11T14:22:00","date_gmt":"2021-03-11T14:22:00","guid":{"rendered":"http:\/\/ieselmedano.org\/?p=2104"},"modified":"2021-03-14T14:34:34","modified_gmt":"2021-03-14T14:34:34","slug":"subvencion-del-ayto-de-granadilla-de-abona-para-el-trasnporte-y-material-didactico","status":"publish","type":"post","link":"https:\/\/ieselmedano.org\/index.php\/2021\/03\/11\/subvencion-del-ayto-de-granadilla-de-abona-para-el-trasnporte-y-material-didactico\/","title":{"rendered":"Subvenci\u00f3n del Ayto. de Granadilla de Abona para el transporte y material did\u00e1ctico."},"content":{"rendered":"\n<p style=\"text-align: center;\"><span style=\"color: #000000;\"><strong>SUBVENCI\u00d3N CON DESTINO AL TRANSPORTE Y A LA COMPRA DE LIBROS DE TEXTO Y\/O MATERIAL ESCOLAR PARA ALUMNADO DE EDUCACI\u00d3N SECUNDARIA OBLIGATORIA, BACHILLER, C.G.M. Y C.G.S., CURSO<\/strong><\/span><br><span style=\"color: #000000;\"><strong>2020\/2021.<\/strong><\/span><\/p>\n<p><span style=\"color: #000000;\">Destinadas a alumnado hasta la edad de 22 a\u00f1os, cumplidos en el momento de la presentaci\u00f3n de la solicitud. Y en el caso de los C.G.S., para alumnado hasta la edad de 25 a\u00f1os, cumplidos en el momento de la presentaci\u00f3n de la solicitud.<\/span><\/p>\n<p><span style=\"color: #000000;\">SE DEBE SOLICITAR CITA PREVIA: En las oficinas del SAC, llamando al 010, en el apartado \u201cCita Previa\u201d de la web municipal www.granadilladeabona.org o a trav\u00e9s del correo electr\u00f3nico 010@granadilladeabona.org.<\/span><\/p>\n<p><span style=\"color: #000000;\">PLAZO DE PRESENTACI\u00d3N DE SOLICITUDES: DESDE EL 12 DE MARZO HASTA EL 12 DE ABRIL DE 2021, AMBOS<\/span><br><span style=\"color: #000000;\">INCLUSIVE.<\/span><\/p>\n<p><span style=\"color: #000000;\">AHORRE TIEMPO, EVITE COLAS<\/span><\/p>\n<p><span style=\"color: #000000;\">Le recordamos que puede presentar la Subvenci\u00f3n de manera on-line, para ello es necesario tener el certificado digital o el DNI electr\u00f3nico en vigor junto con su correspondiente PIN. Si tiene DNI electr\u00f3nico o Certificado solicite la informaci\u00f3n necesaria para hacerlo de manera on-line.<\/span><\/p>\n<p><span style=\"color: #000000;\">IMPORTANTE:<\/span><\/p>\n<p><span style=\"color: #000000;\">Debido a la gran cantidad de vecinos\/as que solicitan cita para estas subvenciones y el plazo limitado que hay para poder<\/span><br><span style=\"color: #000000;\">presentarla, informamos:<\/span><\/p>\n<p><span style=\"color: #000000;\">&#8211; Si no acude a su cita, para darle otra es necesario que se justifique documentalmente la ausencia. Recordamos que puede autorizar a otra persona para que la presente en su lugar.<\/span><br><span style=\"color: #000000;\">&#8211; Si llega a la cita con un retraso superior a 10 minutos, cancelaremos dicha cita para no perjudicar a los\/as vecinos\/as que siguen en la agenda. Y para darle otra es necesario que se justifique documentalmente el retraso.<\/span><\/p>\n<p><span style=\"color: #000000;\">REQUISITOS NECESARIOS PARA LA TRAMITACI\u00d3N DE LA SUBVENCI\u00d3N: (Estos requisitos deben cumplirse en el momento de presentar la solicitud):<\/span><\/p>\n<p><span style=\"color: #000000;\">1.- Estar empadronado en el municipio de Granadilla de Abona, con una antig\u00fcedad m\u00ednima de seis meses en el<\/span><br><span style=\"color: #000000;\">momento de presentar la solicitud de la ayuda. El\/la solicitante debe estar empadronado\/a con el menor.<\/span><br><span style=\"color: #000000;\">2.- El solicitante ha de estar matriculado en alguno de los I.E.S. del Municipio y cursando estudios de Secundaria<\/span><br><span style=\"color: #000000;\">Obligatoria, Bachiller y C.G.M., salvo:<\/span><br><span style=\"color: #000000;\">&#8211; Insuficiencia de plazas o inexistencia de los estudios a realizar en los centros p\u00fablicos del municipio de Granadilla<\/span><br><span style=\"color: #000000;\">de Abona (Bachiller y C.G.M.).<\/span><br><span style=\"color: #000000;\">&#8211; Derivaci\u00f3n del alumno\/a por parte de la Consejer\u00eda a centros p\u00fablicos fuera del \u00e1mbito municipal.<\/span><br><span style=\"color: #000000;\">&#8211; Porque por conciliaci\u00f3n familiar se haya matriculado al alumno\/a en un colegio p\u00fablico de otro municipio<\/span><br><span style=\"color: #000000;\">teniendo en cuenta la jurisdicci\u00f3n laboral del padre\/ madre o tutor solicitante.<\/span><br><span style=\"color: #000000;\">3.- Para la concesi\u00f3n de estas ayudas, no se exigir\u00e1 rendimiento acad\u00e9mico alguno.<\/span><br><span style=\"color: #000000;\">4.- Las ayudas podr\u00e1n ser solicitadas por el padre\/ madre o tutor de aquellos alumnos\/as pertenecientes a unidades familiares cuyos ingresos netos no superen los siguientes umbrales del IPREM en referencia a la declaraci\u00f3n del IRPF vigente en el momento de la convocatoria. El c\u00e1lculo del umbral se obtendr\u00e1 mediante la suma de los ingresos de todos y cada uno de los miembros computables (Se entender\u00e1n miembros computables de la unidad familiar para este c\u00e1lculo, todas las personas mayores de edad que se encuentren empadronadas en el domicilio del solicitante).<\/span><\/p>\n<p><span style=\"color: #000000;\">N\u00ba de Hijos * Indicador P\u00fablico de Renta de Efectos M\u00faltiples (IPREM)<\/span><\/p>\n<p><span style=\"color: #000000;\">Un hijo 23.725,80 \u20ac Triple Iprem<\/span><br><span style=\"color: #000000;\">Dos hijos 31.634,40 \u20ac Cu\u00e1druple Iprem<\/span><br><span style=\"color: #000000;\">Tres hijos 39.543,00 \u20ac Qu\u00edntuple Iprem<\/span><br><span style=\"color: #000000;\">Cuatro hijos 47.451,60 \u20ac S\u00e9xtuple Iprem<\/span><br><span style=\"color: #000000;\">A partir de cinco hijos 55.360,20 \u20ac S\u00e9ptuple Iprem<\/span><\/p>\n<p><span style=\"color: #000000;\">Para el c\u00e1lculo del IPREM se tendr\u00e1n en cuenta los hijos estudiantes hasta la edad de 25 a\u00f1os, \u00e9stos incluidos, e hijos menores en edad de escolarizaci\u00f3n no obligatoria. Se deber\u00e1 aportar certificado o informe de matriculaci\u00f3n de los estudios que realizan durante el curso acad\u00e9mico que figure en la convocatoria, de aquellos hijos con edades comprendidas entre los 18 y 25 a\u00f1os.<\/span><\/p>\n<p><span style=\"color: #000000;\">EXCLUSIONES.<\/span><\/p>\n<p><span style=\"color: #000000;\">Adem\u00e1s de las causas establecidas en la Ordenanza General de Subvenciones, ser\u00e1n desestimadas aquellas solicitudes que en el momento de su presentaci\u00f3n no re\u00fanan los requisitos exigidos en las bases. Asimismo, deber\u00e1n estar al corriente de sus obligaciones con la Hacienda Municipal y con la Agencia Tributaria, en el referido momento.<\/span><\/p>\n<p><span style=\"color: #000000;\">DOCUMENTACI\u00d3N A PRESENTAR, INSTRUCCIONES:<\/span><\/p>\n<p><span style=\"color: #000000;\">Toda la documentaci\u00f3n rese\u00f1ada en este apartado tiene car\u00e1cter obligatorio, salvo el punto 7.<\/span><\/p>\n<p><span style=\"color: #000000;\">1.- Documento de Identidad del solicitante (padre, madre o tutor) y de todos los miembros de la unidad familiar.<\/span><br><span style=\"color: #000000;\">2.- Certificado Bancario que indique claramente el titular de la cuenta y c\u00f3digo IBAN (el titular de la cuenta bancaria deber\u00e1 ser el solicitante) y el impreso de Alta a Terceros. Obligatorio solo si no lo ha presentado en a\u00f1os anteriores o el n\u00ba de cuenta es diferente.<\/span><br><span style=\"color: #000000;\">3.- Libro de familia.<\/span><br><span style=\"color: #000000;\">4.- Certificado de matr\u00edcula del alumno\/a en el que se especifique los estudios que realiza durante el presente curso acad\u00e9mico, o Autorizaci\u00f3n para solicitar dicho certificado desde la Administraci\u00f3n (esta \u00faltima \u00fanicamente para centros del municipio).<\/span><br><span style=\"color: #000000;\">5.- Certificado de empadronamiento familiar. (Se emite en el SAC)<\/span><br><span style=\"color: #000000;\">6.- Ingresos econ\u00f3micos de la unidad familiar: Autorizaci\u00f3n para que la Administraci\u00f3n pueda recabar datos tributarios referentes al nivel de renta de todos los miembros de la unidad familiar (Se entender\u00e1n miembros computables de la unidad familiar para el c\u00e1lculo del umbral econ\u00f3mico, todas las personas mayores de edad que se encuentren empadronadas en el domicilio del solicitante). En caso de no estar obligado a presentar la declaraci\u00f3n de la renta, deber\u00e1 aportar adem\u00e1s certificado de imputaciones de IRPF. Si en el momento de presentar la solicitud, la situaci\u00f3n econ\u00f3mica de la unidad familiar se ha visto mermada respecto a los datos tributarios referentes al nivel de renta, habr\u00e1 de justificarse mediante la presentaci\u00f3n de documentos de todos los pagadores p\u00fablicos o privados de los que se hubieran obtenido ingresos durante el a\u00f1o en curso (es decir, \u00faltimas n\u00f3minas, certificado de la cuant\u00eda que se percibe del Servicio P\u00fablico de Empleo Estatal y documento de demanda de empleo, certificados de cuant\u00edas que percibe en concepto de pensiones, ayudas por desempleo y\/o vida laboral, bajas de maternidad, etc), para computarse estos \u00faltimos preferentemente a los datos tributarios sobre el nivel de renta. En el caso de que a\u00fan figuren empadronadas en el domicilio familiar personas que no convivan en \u00e9l, se deber\u00e1 solicitar certificado de no convivencia del solicitante con esas personas.<\/span><br><span style=\"color: #000000;\">NOTA INFORMATIVA: El haber sido beneficiario de una subvenci\u00f3n p\u00fablica\/ ayuda obliga al mismo a presentar la declaraci\u00f3n<\/span><br><span style=\"color: #000000;\">de la renta por este concepto, aunque no hubiera estado obligado a realizarla por no alcanzar la cuant\u00eda m\u00ednima.<\/span><br><span style=\"color: #000000;\">7.- Otros: Certificados de minusval\u00eda superior 33%, carnet familia numerosa, vivir en r\u00e9gimen de alquiler de vivienda o tener hipoteca sobre la vivienda habitual (se entender\u00e1 por vivienda habitual aquella en la que se encuentre empadronado el solicitante), familias cuyo sustentador principal sea viudo\/a, divorciado\/a o separado\/a legalmente: Si los padres no conviven juntos en el mismo domicilio deber\u00e1n aportar documento acreditativo que justifique la situaci\u00f3n, en el caso de padres divorciados o separados, la correspondiente sentencia de divorcio o separaci\u00f3n. Estos documentos deben estar EN VIGOR.<\/span><\/p>\n<p><span style=\"color: #000000;\">La no presentaci\u00f3n de la documentaci\u00f3n indicada en el punto 7 dar\u00e1 a entender que el solicitante est\u00e1 excluido de estas circunstancias.<\/span><\/p>\n<p><span style=\"color: #000000;\">Para esta convocatoria, el importe de la beca o subvenci\u00f3n ser\u00e1 de:<\/span><\/p>\n<p><span style=\"color: #000000;\">&#8211; 200,00 \u20ac por beneficiario para estudiantes de ESO, Bachillerato y Ciclos de Grado Medio.<\/span><br><span style=\"color: #000000;\">&#8211; 500,00 \u20ac por beneficiario para estudiantes de Ciclos de Grado Superior.<\/span><\/p>\n<p><span style=\"color: #000000;\">PROCEDIMIENTO DE CONCESI\u00d3N.<\/span><\/p>\n<p><span style=\"color: #000000;\">El procedimiento de concesi\u00f3n, ser\u00e1 el de concurrencia competitiva, procedimiento mediante el cual la concesi\u00f3n de las subvenciones se realiza mediante la comparaci\u00f3n de las solicitudes presentadas a fin de establecer una prelaci\u00f3n entre las mismas, siempre que el solicitante cumpla los requisitos exigidos y no est\u00e9 incurso en alguna de las causas de exclusi\u00f3n, teniendo preferencia las solicitudes de mayor puntuaci\u00f3n, siendo la m\u00e1xima de 10 puntos, y la m\u00ednima de 4 hasta agotar la partida presupuestaria, seg\u00fan las siguientes circunstancias:<\/span><\/p>\n<p><span style=\"color: #000000;\">&#8211; No superar los niveles establecidos de la renta.<\/span><br><span style=\"color: #000000;\">&#8211; Familia numerosa.<\/span><br><span style=\"color: #000000;\">&#8211; Que alguno de los miembros de la unidad familiar est\u00e9 afectado por una minusval\u00eda igual o superior al 33%.<\/span><br><span style=\"color: #000000;\">&#8211; Vivir en r\u00e9gimen de alquiler de vivienda o tener hipoteca sobre la vivienda habitual.<\/span><br><span style=\"color: #000000;\">&#8211; Tener 5 a\u00f1os de antig\u00fcedad en el padr\u00f3n de habitantes del municipio.<\/span><br><span style=\"color: #000000;\">&#8211; Familia monoparental.<\/span><br><span style=\"color: #000000;\">&#8211; Unidad familiar en la que alguno de los progenitores\/ sustentadores se encuentren en situaci\u00f3n de desempleo o pensi\u00f3n por causa distinta a la minusval\u00eda.<\/span><\/p>\n<p><span style=\"color: #000000;\">Las causas o motivos de denegaci\u00f3n de la subvenci\u00f3n aparecer\u00e1n en las resoluciones con un c\u00f3digo num\u00e9rico, tal y como se dispone a continuaci\u00f3n:<\/span><\/p>\n<p><span style=\"color: #000000;\">01- No atender al requerimiento efectuado.<\/span><br><span style=\"color: #000000;\">02- Superar el umbral de la renta establecido.<\/span><br><span style=\"color: #000000;\">03- Tener deuda con la Hacienda municipal.<\/span><br><span style=\"color: #000000;\">04- Tener deuda con la Agencia Tributaria.<\/span><br><span style=\"color: #000000;\">05- No tener la antig\u00fcedad m\u00ednima establecida en el padr\u00f3n municipal.<\/span><br><span style=\"color: #000000;\">06- Presentar irregularidades en el padr\u00f3n municipal.<\/span><br><span style=\"color: #000000;\">07- No estar matriculado en ning\u00fan centro p\u00fablico educativo del municipio, ni estar entre las excepciones recogidas en el apartado 3.1.2. de las Bases Generales que regulan estas subvenciones.<\/span><br><span style=\"color: #000000;\">08- Renuncia del interesado<\/span><br><span style=\"color: #000000;\">09- No tener documentaci\u00f3n en vigor.<\/span><br><span style=\"color: #000000;\">10- No aportar datos econ\u00f3micos.<\/span><br><span style=\"color: #000000;\">11- Solicitud presentada fuera de plazo.<\/span><br><span style=\"color: #000000;\">12- El solicitante no convive con el menor.<\/span><br><span style=\"color: #000000;\">13- Otras.<\/span><\/p>\n","protected":false},"excerpt":{"rendered":"<p>SUBVENCI\u00d3N CON DESTINO AL TRANSPORTE Y A LA COMPRA DE LIBROS DE TEXTO Y\/O MATERIAL ESCOLAR PARA ALUMNADO DE EDUCACI\u00d3N SECUNDARIA OBLIGATORIA, BACHILLER, C.G.M. Y C.G.S., CURSO2020\/2021. Destinadas a alumnado hasta la edad de 22 a\u00f1os, cumplidos en el momento de la presentaci\u00f3n de la solicitud. Y en el caso de los C.G.S., para alumnado<\/p>\n","protected":false},"author":3,"featured_media":2106,"comment_status":"open","ping_status":"open","sticky":false,"template":"","format":"standard","meta":{"_monsterinsights_skip_tracking":false,"_monsterinsights_sitenote_active":false,"_monsterinsights_sitenote_note":"","_monsterinsights_sitenote_category":0,"footnotes":""},"categories":[15],"tags":[],"_links":{"self":[{"href":"https:\/\/ieselmedano.org\/index.php\/wp-json\/wp\/v2\/posts\/2104"}],"collection":[{"href":"https:\/\/ieselmedano.org\/index.php\/wp-json\/wp\/v2\/posts"}],"about":[{"href":"https:\/\/ieselmedano.org\/index.php\/wp-json\/wp\/v2\/types\/post"}],"author":[{"embeddable":true,"href":"https:\/\/ieselmedano.org\/index.php\/wp-json\/wp\/v2\/users\/3"}],"replies":[{"embeddable":true,"href":"https:\/\/ieselmedano.org\/index.php\/wp-json\/wp\/v2\/comments?post=2104"}],"version-history":[{"count":3,"href":"https:\/\/ieselmedano.org\/index.php\/wp-json\/wp\/v2\/posts\/2104\/revisions"}],"predecessor-version":[{"id":2108,"href":"https:\/\/ieselmedano.org\/index.php\/wp-json\/wp\/v2\/posts\/2104\/revisions\/2108"}],"wp:featuredmedia":[{"embeddable":true,"href":"https:\/\/ieselmedano.org\/index.php\/wp-json\/wp\/v2\/media\/2106"}],"wp:attachment":[{"href":"https:\/\/ieselmedano.org\/index.php\/wp-json\/wp\/v2\/media?parent=2104"}],"wp:term":[{"taxonomy":"category","embeddable":true,"href":"https:\/\/ieselmedano.org\/index.php\/wp-json\/wp\/v2\/categories?post=2104"},{"taxonomy":"post_tag","embeddable":true,"href":"https:\/\/ieselmedano.org\/index.php\/wp-json\/wp\/v2\/tags?post=2104"}],"curies":[{"name":"wp","href":"https:\/\/api.w.org\/{rel}","templated":true}]}}