{"id":2211,"date":"2022-04-04T10:13:00","date_gmt":"2022-04-04T10:13:00","guid":{"rendered":"http:\/\/ieselmedano.org\/?p=2211"},"modified":"2022-04-06T09:13:55","modified_gmt":"2022-04-06T09:13:55","slug":"nuevos-ciclos-para-el-proximo-curso","status":"publish","type":"post","link":"https:\/\/ieselmedano.org\/index.php\/2022\/04\/04\/nuevos-ciclos-para-el-proximo-curso\/","title":{"rendered":"Nuevos ciclos para el pr\u00f3ximo curso"},"content":{"rendered":"\n<div class=\"\" dir=\"auto\">\n<div id=\"jsc_c_i5\" class=\"ecm0bbzt hv4rvrfc ihqw7lf3 dati1w0a\" data-ad-comet-preview=\"message\" data-ad-preview=\"message\">\n<div class=\"j83agx80 cbu4d94t ew0dbk1b irj2b8pg\">\n<div class=\"qzhwtbm6 knvmm38d\">\n<div class=\"kvgmc6g5 cxmmr5t8 oygrvhab hcukyx3x c1et5uql ii04i59q\">\u00a0<\/div>\n<div class=\"o9v6fnle cxmmr5t8 oygrvhab hcukyx3x c1et5uql ii04i59q\">\n<div dir=\"auto\">\n<div class=\"\" dir=\"auto\">\n<div id=\"jsc_c_15\" class=\"ecm0bbzt hv4rvrfc ihqw7lf3 dati1w0a\" data-ad-comet-preview=\"message\" data-ad-preview=\"message\">\n<div class=\"j83agx80 cbu4d94t ew0dbk1b irj2b8pg\">\n<div class=\"qzhwtbm6 knvmm38d\">\n<div class=\"kvgmc6g5 cxmmr5t8 oygrvhab hcukyx3x c1et5uql ii04i59q\">\n<div dir=\"auto\"><span class=\"pq6dq46d tbxw36s4 knj5qynh kvgmc6g5 ditlmg2l oygrvhab nvdbi5me sf5mxxl7 gl3lb2sf hhz5lgdu\"><img loading=\"lazy\" decoding=\"async\" src=\"https:\/\/static.xx.fbcdn.net\/images\/emoji.php\/v9\/ta5\/1\/16\/1f195.png\" alt=\"?\" width=\"16\" height=\"16\" \/><\/span><span class=\"pq6dq46d tbxw36s4 knj5qynh kvgmc6g5 ditlmg2l oygrvhab nvdbi5me sf5mxxl7 gl3lb2sf hhz5lgdu\"><img loading=\"lazy\" decoding=\"async\" src=\"https:\/\/static.xx.fbcdn.net\/images\/emoji.php\/v9\/t6e\/1\/16\/1f534.png\" alt=\"?\" width=\"16\" height=\"16\" \/><\/span>Ense\u00f1anzas de Formaci\u00f3n Profesional para el pr\u00f3ximo a\u00f1o.<\/div>\n<div dir=\"auto\">\u00a0<\/div>\n<\/div>\n<div class=\"cxmmr5t8 oygrvhab hcukyx3x c1et5uql o9v6fnle ii04i59q\">\n<div dir=\"auto\"><span class=\"pq6dq46d tbxw36s4 knj5qynh kvgmc6g5 ditlmg2l oygrvhab nvdbi5me sf5mxxl7 gl3lb2sf hhz5lgdu\"><img loading=\"lazy\" decoding=\"async\" src=\"https:\/\/static.xx.fbcdn.net\/images\/emoji.php\/v9\/t9e\/1\/16\/27a1.png\" alt=\"\u27a1\ufe0f\" width=\"16\" height=\"16\" \/><\/span>Tenemos dos novedades para el pr\u00f3ximo curso:<\/div>\n<div dir=\"auto\">\u00a0<\/div>\n<\/div>\n<div class=\"cxmmr5t8 oygrvhab hcukyx3x c1et5uql o9v6fnle ii04i59q\">\n<div dir=\"auto\"><span class=\"pq6dq46d tbxw36s4 knj5qynh kvgmc6g5 ditlmg2l oygrvhab nvdbi5me sf5mxxl7 gl3lb2sf hhz5lgdu\"><img loading=\"lazy\" decoding=\"async\" src=\"https:\/\/static.xx.fbcdn.net\/images\/emoji.php\/v9\/tcb\/1\/16\/1f487.png\" alt=\"?\" width=\"16\" height=\"16\" \/><\/span>CFGB Imagen Personal &#8211; Peluquer\u00eda y Est\u00e9tica<\/div>\n<\/div>\n<div class=\"cxmmr5t8 oygrvhab hcukyx3x c1et5uql o9v6fnle ii04i59q\">\n<div dir=\"auto\"><span class=\"pq6dq46d tbxw36s4 knj5qynh kvgmc6g5 ditlmg2l oygrvhab nvdbi5me sf5mxxl7 gl3lb2sf hhz5lgdu\"><img loading=\"lazy\" decoding=\"async\" src=\"https:\/\/static.xx.fbcdn.net\/images\/emoji.php\/v9\/tf8\/1\/16\/1f486_200d_2640.png\" alt=\"?\u200d\u2640\ufe0f\" width=\"16\" height=\"16\" \/><\/span>CFGM Imagen Personal &#8211; Peluquer\u00eda y Cosm\u00e9tica<\/div>\n<\/div>\n<\/div>\n<\/div>\n<\/div>\n<\/div>\n<\/div>\n<div dir=\"auto\">\u00a0<\/div>\n<div dir=\"auto\">El plazo de preinscripci\u00f3n para todas las ense\u00f1anzas de FP es desde el 5 al 28 de abril a trav\u00e9s de esta p\u00e1gina web <span id=\"bd_nd_B937DB990D1548698380D65CF906E308_anchor_77\"><img decoding=\"async\" id=\"bd_nd_B937DB990D1548698380D65CF906E308_icon_77\" class=\"bd_nd_B937DB990D1548698380D65CF906E308_icon_green\" src=\"data:image\/png;base64,iVBORw0KGgoAAAANSUhEUgAAACAAAAAgCAYAAABzenr0AAAABGdBTUEAALGPC\/xhBQAAA7FJREFUWAnNV1lIlFEU\/u4\/45gLY3symWkZhGNaRBst6kMEFS2QD1FQEBVFEUUPhdBDEdJmD+09FdGTYRAktMCUT4YttvqQlIaZSxEamk4zczvnOv8w0\/z\/LI5WB\/Teueec7zv3nvPf\/\/wCMYrzbZmtt02UeoE1kDIfEA5A0h+LaKN5G4R4ZwHupDmk662zyj2oi\/xfRFYDOa6yTOnGEQmxSULao9mzXkD0CMibwoajzaVV7ZF8TAPIe783eeBjRzk5H6Adp0UCMdUJ0Uu6yuTcScebZpwbMLIzDIB37f0lbhPxQiOnuNeEqLMkyfVGpxEWQO7DjYUer+cukWTFTRTZoTVJw8oPy6teB5uFBKB27kb9CJDrnK0WG+YFn4Smazjn6tiHf+c6BY9ZzMFc+mIgAFVww5VzHd1oJA5\/cSutSoG\/6JqGXO1GRJHW6OmgoszjVKgT4Od8uMmTNZt5CPRYK06y0PiG40vG3Dp+zbrMJXAtPou8tMmmzszJ3Bpfr7HecKZoQYqlYwtxpmA3slImoHr+MdMgmJO5NXW3BwEkMp1ln4arsw8iSbMqmFc9H9DcZ34TM7dGuacXS+IyNWUSrs85jDTrKAX2msh3NJyGRxKNmRA3FSG\/1RKTcTY7bswtx\/jkDAXU0teBLc8r0OftjwIsHBSA\/ko1t102rghnC\/bAqLJTLaNwjXaek5qpAL4OdGPzs+P46u42BwxopGMwWYGF8El2ykScL9yH0UnpmJmeje0Np9Da36UMrcKCK0UHUJQxXf3u9fRj64sKtPw0z3swg6BK5BRQM2EuC8bkw25NVQZOew5qFp0AVzrLKecuFI+frea\/fB7sfHkGXHixihTii5hyv8wFiZJITpwC\/RTYzit9qP\/eiIVjncpNSon9by6g+kttJJhwncAjjduocE3oSu23l1hddwiNP1qUwiK0ADkvVLy\/GT85OxK3xj0cz6PJp5+dWPukHA86n4aYurpe4HJzTBAhfvyDuTVuILmHC9MaLPT73NjWcBK3Pj+i60OqS2YLFd1QhDkHucl76r2yiz5gVzxAGxzFqGmvQ5\/PsNWLCkXVf6llRdVuGikV1L1SPriBjFlutT0eMjlzKU5iUwH4W6TKmNkTN6zU2zIVAONx60yR1SWOHQWBOBSX3+z\/aUo5ID4Wq8W6iqat\/gCHc1BtuX70OnDICeiLf\/PDJFADOjmPHCXlqYRq4li8T0cwjvIlDMb6c+e6neEJ6Eoe+TT+ycdpcBA8H6nP898PW2+tnIPs1AAAAABJRU5ErkJggg==\" \/><\/span><a class=\"oajrlxb2 g5ia77u1 qu0x051f esr5mh6w e9989ue4 r7d6kgcz rq0escxv nhd2j8a9 nc684nl6 p7hjln8o kvgmc6g5 cxmmr5t8 oygrvhab hcukyx3x jb3vyjys rz4wbd8a qt6c0cv9 a8nywdso i1ao9s8h esuyzwwr f1sip0of lzcic4wl py34i1dx gpro0wi8\" tabindex=\"0\" role=\"link\" href=\"https:\/\/www.gobiernodecanarias.org\/educacion\/web\/estudiantes\/admision_alumnado\/?fbclid=IwAR3eECYzXqXagcDPLBc5BtLoM3gjrmATI80Z5PdsAuVJ2MXU6xFNPsH1yaU\" target=\"_blank\" rel=\"nofollow noopener noreferrer\">https:\/\/www.gobiernodecanarias.org\/&#8230;\/admision_alumnado\/<\/a><\/div>\n<\/div>\n<\/div>\n<\/div>\n<\/div>\n<\/div>\n","protected":false},"excerpt":{"rendered":"<p>\u00a0 Ense\u00f1anzas de Formaci\u00f3n Profesional para el pr\u00f3ximo a\u00f1o. \u00a0 Tenemos dos novedades para el pr\u00f3ximo curso: \u00a0 CFGB Imagen Personal &#8211; Peluquer\u00eda y Est\u00e9tica CFGM Imagen Personal &#8211; Peluquer\u00eda y Cosm\u00e9tica \u00a0 El plazo de preinscripci\u00f3n para todas las ense\u00f1anzas de FP es desde el 5 al 28 de abril a trav\u00e9s de esta<\/p>\n","protected":false},"author":3,"featured_media":2518,"comment_status":"closed","ping_status":"closed","sticky":false,"template":"","format":"standard","meta":{"_monsterinsights_skip_tracking":false,"_monsterinsights_sitenote_active":false,"_monsterinsights_sitenote_note":"","_monsterinsights_sitenote_category":0,"footnotes":""},"categories":[1],"tags":[],"_links":{"self":[{"href":"https:\/\/ieselmedano.org\/index.php\/wp-json\/wp\/v2\/posts\/2211"}],"collection":[{"href":"https:\/\/ieselmedano.org\/index.php\/wp-json\/wp\/v2\/posts"}],"about":[{"href":"https:\/\/ieselmedano.org\/index.php\/wp-json\/wp\/v2\/types\/post"}],"author":[{"embeddable":true,"href":"https:\/\/ieselmedano.org\/index.php\/wp-json\/wp\/v2\/users\/3"}],"replies":[{"embeddable":true,"href":"https:\/\/ieselmedano.org\/index.php\/wp-json\/wp\/v2\/comments?post=2211"}],"version-history":[{"count":3,"href":"https:\/\/ieselmedano.org\/index.php\/wp-json\/wp\/v2\/posts\/2211\/revisions"}],"predecessor-version":[{"id":2520,"href":"https:\/\/ieselmedano.org\/index.php\/wp-json\/wp\/v2\/posts\/2211\/revisions\/2520"}],"wp:featuredmedia":[{"embeddable":true,"href":"https:\/\/ieselmedano.org\/index.php\/wp-json\/wp\/v2\/media\/2518"}],"wp:attachment":[{"href":"https:\/\/ieselmedano.org\/index.php\/wp-json\/wp\/v2\/media?parent=2211"}],"wp:term":[{"taxonomy":"category","embeddable":true,"href":"https:\/\/ieselmedano.org\/index.php\/wp-json\/wp\/v2\/categories?post=2211"},{"taxonomy":"post_tag","embeddable":true,"href":"https:\/\/ieselmedano.org\/index.php\/wp-json\/wp\/v2\/tags?post=2211"}],"curies":[{"name":"wp","href":"https:\/\/api.w.org\/{rel}","templated":true}]}}