{"id":2223,"date":"2021-04-07T08:33:45","date_gmt":"2021-04-07T08:33:45","guid":{"rendered":"http:\/\/ieselmedano.org\/?p=2223"},"modified":"2021-04-07T08:33:45","modified_gmt":"2021-04-07T08:33:45","slug":"ya-tenemos-el-logo-ganador","status":"publish","type":"post","link":"https:\/\/ieselmedano.org\/index.php\/2021\/04\/07\/ya-tenemos-el-logo-ganador\/","title":{"rendered":"\u00a1Ya tenemos el logo ganador!"},"content":{"rendered":"\n<p>Te presentamos el logo que finalmente representar\u00e1 a nuestro proyecto Erasmus\u00a0+ K229 \u00ab<i>Cooler Climate Challenge<\/i>\u00ab.\u00a0 Su autora es la alumna R\u00e9Ka Dancs\u00f3 y ha sido la ganadora de las votaciones en la fase internacional, compitiendo con otras 8 propuestas dise\u00f1adas por el alumnado de los tres centros escolares que colaboran en este proyecto europeo. R\u00e9ka tiene 15 a\u00f1os y es alumna de nuestro centro socio de Hungr\u00eda. A trav\u00e9s de esta imagen, R\u00e9ka ha querido reflejar el grave peligro en el que se encuentra nuestro planeta y transmitir el siguiente\u00a0mensaje: \u00a0conocemos cu\u00e1l es la causa \u00a0y tenemos la soluci\u00f3n, juntos debemos conseguir el cambio.<\/p>\n<p>This is the final logo for our Erasmus+ K229 project \u00bb Cooler Climate Challenge.\u00bb \u00a0It has been designed by the student R\u00e9ka Dancs\u00f3, the winner in the international\u00a0poll. R\u00e9ka is 15 years old and studies in our Hungarian partner school located in Budapest. According\u00a0to her, the logo reflects the danger that is threatening our planet \u00a0and aims to transmit\u00a0a clear message: we know what the problem is, we have the solution, we should make the change together.<\/p>\n","protected":false},"excerpt":{"rendered":"<p>Te presentamos el logo que finalmente representar\u00e1 a nuestro proyecto Erasmus\u00a0+ K229 \u00abCooler Climate Challenge\u00ab.\u00a0 Su autora es la alumna R\u00e9Ka Dancs\u00f3 y ha sido la ganadora de las votaciones en la fase internacional, compitiendo con otras 8 propuestas dise\u00f1adas por el alumnado de los tres centros escolares que colaboran en este proyecto europeo. R\u00e9ka<\/p>\n","protected":false},"author":5,"featured_media":2224,"comment_status":"open","ping_status":"open","sticky":false,"template":"","format":"standard","meta":{"_monsterinsights_skip_tracking":false,"_monsterinsights_sitenote_active":false,"_monsterinsights_sitenote_note":"","_monsterinsights_sitenote_category":0,"footnotes":""},"categories":[11],"tags":[],"_links":{"self":[{"href":"https:\/\/ieselmedano.org\/index.php\/wp-json\/wp\/v2\/posts\/2223"}],"collection":[{"href":"https:\/\/ieselmedano.org\/index.php\/wp-json\/wp\/v2\/posts"}],"about":[{"href":"https:\/\/ieselmedano.org\/index.php\/wp-json\/wp\/v2\/types\/post"}],"author":[{"embeddable":true,"href":"https:\/\/ieselmedano.org\/index.php\/wp-json\/wp\/v2\/users\/5"}],"replies":[{"embeddable":true,"href":"https:\/\/ieselmedano.org\/index.php\/wp-json\/wp\/v2\/comments?post=2223"}],"version-history":[{"count":1,"href":"https:\/\/ieselmedano.org\/index.php\/wp-json\/wp\/v2\/posts\/2223\/revisions"}],"predecessor-version":[{"id":2225,"href":"https:\/\/ieselmedano.org\/index.php\/wp-json\/wp\/v2\/posts\/2223\/revisions\/2225"}],"wp:featuredmedia":[{"embeddable":true,"href":"https:\/\/ieselmedano.org\/index.php\/wp-json\/wp\/v2\/media\/2224"}],"wp:attachment":[{"href":"https:\/\/ieselmedano.org\/index.php\/wp-json\/wp\/v2\/media?parent=2223"}],"wp:term":[{"taxonomy":"category","embeddable":true,"href":"https:\/\/ieselmedano.org\/index.php\/wp-json\/wp\/v2\/categories?post=2223"},{"taxonomy":"post_tag","embeddable":true,"href":"https:\/\/ieselmedano.org\/index.php\/wp-json\/wp\/v2\/tags?post=2223"}],"curies":[{"name":"wp","href":"https:\/\/api.w.org\/{rel}","templated":true}]}}