{"id":2453,"date":"2021-07-26T08:07:00","date_gmt":"2021-07-26T08:07:00","guid":{"rendered":"https:\/\/ieselmedano.org\/?p=2453"},"modified":"2021-07-29T08:53:25","modified_gmt":"2021-07-29T08:53:25","slug":"entrevista-al-director-en-el-programa-el-rompe-olas-de-radio-tiempo","status":"publish","type":"post","link":"https:\/\/ieselmedano.org\/index.php\/2021\/07\/26\/entrevista-al-director-en-el-programa-el-rompe-olas-de-radio-tiempo\/","title":{"rendered":"Entrevista al Director en el programa \u00abEl Rompe olas\u00bb de Radio Tiempo"},"content":{"rendered":"\n<p>El Director de nuestro instituto fue entrevistado el pasado s\u00e1bado 24 de julio por Javier Rodr\u00edguez en el programa \u00abEl Rompe Olas\u00bb que se emite la ma\u00f1ana de los s\u00e1bados en Radio Tiempo. Durante la entrevista el director habl\u00f3 de lo bien que han funcionado las medidas de Prevenci\u00f3n y Organizaci\u00f3n recogidas en el Plan de Contingencia del instituto que nos han permitido mantener la actividad educativa presencial durante todo el curso 20-21. Tambi\u00e9n fue preguntado por el importante Proyecto de Digitalizaci\u00f3n en los M\u00e9todos de Ense\u00f1anza que hemos implementado en nuetro centro desde hace varios cursos con gran implicaci\u00f3n y colaboraci\u00f3n por parte de las familias; y que presentamos en abril en uno de los foros de ense\u00f1anza organizados por el Ministerio de Educaci\u00f3n.\u00a0<\/p>\n\n\n\n<iframe loading=\"lazy\" width=\"560\" height=\"315\" src=\"https:\/\/www.youtube.com\/embed\/wO0i2h8dYlI\" title=\"YouTube video player\" frameborder=\"0\" allow=\"accelerometer; autoplay; clipboard-write; encrypted-media; gyroscope; picture-in-picture\" allowfullscreen><\/iframe>\n","protected":false},"excerpt":{"rendered":"<p>El Director de nuestro instituto fue entrevistado el pasado s\u00e1bado 24 de julio por Javier Rodr\u00edguez en el programa \u00abEl Rompe Olas\u00bb que se emite la ma\u00f1ana de los s\u00e1bados en Radio Tiempo. Durante la entrevista el director habl\u00f3 de lo bien que han funcionado las medidas de Prevenci\u00f3n y Organizaci\u00f3n recogidas en el Plan<\/p>\n","protected":false},"author":1,"featured_media":2454,"comment_status":"closed","ping_status":"closed","sticky":false,"template":"","format":"standard","meta":{"_monsterinsights_skip_tracking":false,"_monsterinsights_sitenote_active":false,"_monsterinsights_sitenote_note":"","_monsterinsights_sitenote_category":0,"footnotes":""},"categories":[6,17],"tags":[],"_links":{"self":[{"href":"https:\/\/ieselmedano.org\/index.php\/wp-json\/wp\/v2\/posts\/2453"}],"collection":[{"href":"https:\/\/ieselmedano.org\/index.php\/wp-json\/wp\/v2\/posts"}],"about":[{"href":"https:\/\/ieselmedano.org\/index.php\/wp-json\/wp\/v2\/types\/post"}],"author":[{"embeddable":true,"href":"https:\/\/ieselmedano.org\/index.php\/wp-json\/wp\/v2\/users\/1"}],"replies":[{"embeddable":true,"href":"https:\/\/ieselmedano.org\/index.php\/wp-json\/wp\/v2\/comments?post=2453"}],"version-history":[{"count":5,"href":"https:\/\/ieselmedano.org\/index.php\/wp-json\/wp\/v2\/posts\/2453\/revisions"}],"predecessor-version":[{"id":2459,"href":"https:\/\/ieselmedano.org\/index.php\/wp-json\/wp\/v2\/posts\/2453\/revisions\/2459"}],"wp:featuredmedia":[{"embeddable":true,"href":"https:\/\/ieselmedano.org\/index.php\/wp-json\/wp\/v2\/media\/2454"}],"wp:attachment":[{"href":"https:\/\/ieselmedano.org\/index.php\/wp-json\/wp\/v2\/media?parent=2453"}],"wp:term":[{"taxonomy":"category","embeddable":true,"href":"https:\/\/ieselmedano.org\/index.php\/wp-json\/wp\/v2\/categories?post=2453"},{"taxonomy":"post_tag","embeddable":true,"href":"https:\/\/ieselmedano.org\/index.php\/wp-json\/wp\/v2\/tags?post=2453"}],"curies":[{"name":"wp","href":"https:\/\/api.w.org\/{rel}","templated":true}]}}