{"id":331,"date":"2019-09-27T19:04:37","date_gmt":"2019-09-27T19:04:37","guid":{"rendered":"http:\/\/ieselmedano.org\/?p=331"},"modified":"2019-10-31T18:51:51","modified_gmt":"2019-10-31T18:51:51","slug":"visita-a-la-feria-macaronesia","status":"publish","type":"post","link":"https:\/\/ieselmedano.org\/index.php\/2019\/09\/27\/visita-a-la-feria-macaronesia\/","title":{"rendered":"Visita a la Feria Macaronesia"},"content":{"rendered":"\n<ul class=\"wp-block-gallery columns-3 is-cropped wp-block-gallery-1 is-layout-flex wp-block-gallery-is-layout-flex\"><li class=\"blocks-gallery-item\"><figure><img loading=\"lazy\" decoding=\"async\" width=\"1024\" height=\"582\" src=\"http:\/\/ieselmedano.org\/wp-content\/uploads\/2019\/09\/Macaronight-1-1024x582.jpg\" alt=\"\" data-id=\"332\" data-link=\"http:\/\/ieselmedano.org\/?attachment_id=332\" class=\"wp-image-332\" srcset=\"https:\/\/ieselmedano.org\/wp-content\/uploads\/2019\/09\/Macaronight-1-1024x582.jpg 1024w, https:\/\/ieselmedano.org\/wp-content\/uploads\/2019\/09\/Macaronight-1-300x171.jpg 300w, https:\/\/ieselmedano.org\/wp-content\/uploads\/2019\/09\/Macaronight-1-768x437.jpg 768w, https:\/\/ieselmedano.org\/wp-content\/uploads\/2019\/09\/Macaronight-1.jpg 1080w\" sizes=\"(max-width: 1024px) 100vw, 1024px\" \/><\/figure><\/li><li class=\"blocks-gallery-item\"><figure><img loading=\"lazy\" decoding=\"async\" width=\"1024\" height=\"574\" src=\"http:\/\/ieselmedano.org\/wp-content\/uploads\/2019\/09\/Macaronight-2-1024x574.jpg\" alt=\"\" data-id=\"333\" data-link=\"http:\/\/ieselmedano.org\/?attachment_id=333\" class=\"wp-image-333\" srcset=\"https:\/\/ieselmedano.org\/wp-content\/uploads\/2019\/09\/Macaronight-2-1024x574.jpg 1024w, https:\/\/ieselmedano.org\/wp-content\/uploads\/2019\/09\/Macaronight-2-300x168.jpg 300w, https:\/\/ieselmedano.org\/wp-content\/uploads\/2019\/09\/Macaronight-2-768x431.jpg 768w, https:\/\/ieselmedano.org\/wp-content\/uploads\/2019\/09\/Macaronight-2.jpg 1025w\" sizes=\"(max-width: 1024px) 100vw, 1024px\" \/><\/figure><\/li><li class=\"blocks-gallery-item\"><figure><img loading=\"lazy\" decoding=\"async\" width=\"1024\" height=\"581\" src=\"http:\/\/ieselmedano.org\/wp-content\/uploads\/2019\/09\/Macaronight-3-1024x581.jpg\" alt=\"\" data-id=\"334\" data-link=\"http:\/\/ieselmedano.org\/?attachment_id=334\" class=\"wp-image-334\" srcset=\"https:\/\/ieselmedano.org\/wp-content\/uploads\/2019\/09\/Macaronight-3-1024x581.jpg 1024w, https:\/\/ieselmedano.org\/wp-content\/uploads\/2019\/09\/Macaronight-3-300x170.jpg 300w, https:\/\/ieselmedano.org\/wp-content\/uploads\/2019\/09\/Macaronight-3-768x436.jpg 768w, https:\/\/ieselmedano.org\/wp-content\/uploads\/2019\/09\/Macaronight-3.jpg 1081w\" sizes=\"(max-width: 1024px) 100vw, 1024px\" \/><\/figure><\/li><li class=\"blocks-gallery-item\"><figure><img loading=\"lazy\" decoding=\"async\" width=\"1024\" height=\"577\" src=\"http:\/\/ieselmedano.org\/wp-content\/uploads\/2019\/09\/Macaronight-4-1024x577.jpg\" alt=\"\" data-id=\"335\" data-link=\"http:\/\/ieselmedano.org\/?attachment_id=335\" class=\"wp-image-335\" srcset=\"https:\/\/ieselmedano.org\/wp-content\/uploads\/2019\/09\/Macaronight-4-1024x577.jpg 1024w, https:\/\/ieselmedano.org\/wp-content\/uploads\/2019\/09\/Macaronight-4-300x169.jpg 300w, https:\/\/ieselmedano.org\/wp-content\/uploads\/2019\/09\/Macaronight-4-768x433.jpg 768w, https:\/\/ieselmedano.org\/wp-content\/uploads\/2019\/09\/Macaronight-4.jpg 1025w\" sizes=\"(max-width: 1024px) 100vw, 1024px\" \/><\/figure><\/li><\/ul>\n\n\n\n<p>\nVisita a la Feria de la Ciencia Macaronesica organizada por la <a href=\"https:\/\/www.instagram.com\/universidaddelalaguna\/\">@universidaddelalaguna<\/a> en el que ha asistido el alumnado de 1\u00b0Bachillerato con las materias de Cultura Cient\u00edfica y F\u00edsica y Qu\u00edmica\n\n<\/p>\n\n\n\n<figure class=\"wp-block-embed-youtube wp-block-embed is-type-video is-provider-youtube wp-embed-aspect-4-3 wp-has-aspect-ratio\"><div class=\"wp-block-embed__wrapper\">\n<iframe loading=\"lazy\" title=\"Feria de la Ciencia de la Macaronesia en La Laguna\" width=\"630\" height=\"473\" src=\"https:\/\/www.youtube.com\/embed\/7qpxwKpl0go?feature=oembed\" frameborder=\"0\" allow=\"accelerometer; autoplay; clipboard-write; encrypted-media; gyroscope; picture-in-picture; web-share\" referrerpolicy=\"strict-origin-when-cross-origin\" allowfullscreen><\/iframe>\n<\/div><\/figure>\n","protected":false},"excerpt":{"rendered":"<p>Visita a la Feria de la Ciencia Macaronesica organizada por la @universidaddelalaguna en el que ha asistido el alumnado de 1\u00b0Bachillerato con las materias de Cultura Cient\u00edfica y F\u00edsica y Qu\u00edmica<\/p>\n","protected":false},"author":3,"featured_media":333,"comment_status":"closed","ping_status":"closed","sticky":false,"template":"","format":"standard","meta":{"_monsterinsights_skip_tracking":false,"_monsterinsights_sitenote_active":false,"_monsterinsights_sitenote_note":"","_monsterinsights_sitenote_category":0,"footnotes":""},"categories":[1],"tags":[],"_links":{"self":[{"href":"https:\/\/ieselmedano.org\/index.php\/wp-json\/wp\/v2\/posts\/331"}],"collection":[{"href":"https:\/\/ieselmedano.org\/index.php\/wp-json\/wp\/v2\/posts"}],"about":[{"href":"https:\/\/ieselmedano.org\/index.php\/wp-json\/wp\/v2\/types\/post"}],"author":[{"embeddable":true,"href":"https:\/\/ieselmedano.org\/index.php\/wp-json\/wp\/v2\/users\/3"}],"replies":[{"embeddable":true,"href":"https:\/\/ieselmedano.org\/index.php\/wp-json\/wp\/v2\/comments?post=331"}],"version-history":[{"count":2,"href":"https:\/\/ieselmedano.org\/index.php\/wp-json\/wp\/v2\/posts\/331\/revisions"}],"predecessor-version":[{"id":421,"href":"https:\/\/ieselmedano.org\/index.php\/wp-json\/wp\/v2\/posts\/331\/revisions\/421"}],"wp:featuredmedia":[{"embeddable":true,"href":"https:\/\/ieselmedano.org\/index.php\/wp-json\/wp\/v2\/media\/333"}],"wp:attachment":[{"href":"https:\/\/ieselmedano.org\/index.php\/wp-json\/wp\/v2\/media?parent=331"}],"wp:term":[{"taxonomy":"category","embeddable":true,"href":"https:\/\/ieselmedano.org\/index.php\/wp-json\/wp\/v2\/categories?post=331"},{"taxonomy":"post_tag","embeddable":true,"href":"https:\/\/ieselmedano.org\/index.php\/wp-json\/wp\/v2\/tags?post=331"}],"curies":[{"name":"wp","href":"https:\/\/api.w.org\/{rel}","templated":true}]}}